{"id":10774,"date":"2020-11-12T17:26:51","date_gmt":"2020-11-12T16:26:51","guid":{"rendered":"http:\/\/www.railfreight.eu\/dr-ne\/?p=10774"},"modified":"2021-01-18T15:56:36","modified_gmt":"2021-01-18T14:56:36","slug":"vegh-zurueck-zur-cer","status":"publish","type":"post","link":"http:\/\/www.railfreight.eu\/dr-ne\/2020-11-12-vegh-zurueck-zur-cer\/","title":{"rendered":"V\u00e9gh zur\u00fcck zur CER"},"content":{"rendered":"\n<p>Seit 01.10.2020 ist <a rel=\"noreferrer noopener\" aria-label=\"Andr\u00e1s V\u00e9gh (\u00f6ffnet in neuem Tab)\" href=\"https:\/\/www.linkedin.com\/in\/andr%C3%A1s-v%C3%A9gh-6b73701ab\/\" target=\"_blank\">Andr\u00e1s V\u00e9gh<\/a> zur\u00fcck bei der ungarischen Privatbahn CER Cargo Holding SE. Er bekleidet dort neu den Posten als stellvertretender CEO und folgt auf <a rel=\"noreferrer noopener\" href=\"https:\/\/www.linkedin.com\/in\/l%C3%A1szl%C3%B3-katona-503403123\/\" target=\"_blank\">Dr. L\u00e1szl\u00f3 Katona<\/a>, der nach einem knappen Jahr <a href=\"http:\/\/www.railfreight.eu\/dr-ne\/2020\/08\/17\/katona-von-cer-zurueck-zur-mmv\/\">zur MMV zur\u00fcckkehrte<\/a>.<\/p>\n\n\n\n<p>V\u00e9gh war von M\u00e4rz 2010 bis Februar 2018 bei der CER Cargo Holding als  Director Of International Affairs besch\u00e4ftigt und wechselte nachfolgend als stellvertrender CEO zur GYSEV CARGO Zrt.<\/p>\n\n\n\n<figure class=\"wp-block-image\"><img decoding=\"async\" src=\"http:\/\/cercargo.eu\/wp-content\/uploads\/2020\/10\/VeghAndras.jpg\" alt=\"\" class=\"wp-image-670\"\/><figcaption>Andr\u00e1s V\u00e9gh<\/figcaption><\/figure>\n","protected":false},"excerpt":{"rendered":"<p>Seit 01.10.2020 ist Andr\u00e1s V\u00e9gh zur\u00fcck bei der ungarischen Privatbahn CER Cargo Holding SE. Er bekleidet dort neu den Posten als stellvertretender CEO und folgt auf Dr. L\u00e1szl\u00f3 Katona, der nach einem knappen Jahr zur MMV zur\u00fcckkehrte. V\u00e9gh war von M\u00e4rz 2010 bis Februar 2018 bei der CER Cargo Holding als Director Of International Affairs &hellip; <\/p>\n<p class=\"link-more\"><a href=\"http:\/\/www.railfreight.eu\/dr-ne\/2020-11-12-vegh-zurueck-zur-cer\/\" class=\"more-link\"><span class=\"screen-reader-text\">\u201eV\u00e9gh zur\u00fcck zur CER\u201c<\/span> weiterlesen<\/a><\/p>\n","protected":false},"author":1,"featured_media":0,"comment_status":"open","ping_status":"open","sticky":false,"template":"","format":"standard","meta":{"footnotes":""},"categories":[2],"tags":[679,89],"class_list":["post-10774","post","type-post","status-publish","format-standard","hentry","category-personalien","tag-cer","tag-ungarn"],"_links":{"self":[{"href":"http:\/\/www.railfreight.eu\/dr-ne\/wp-json\/wp\/v2\/posts\/10774","targetHints":{"allow":["GET"]}}],"collection":[{"href":"http:\/\/www.railfreight.eu\/dr-ne\/wp-json\/wp\/v2\/posts"}],"about":[{"href":"http:\/\/www.railfreight.eu\/dr-ne\/wp-json\/wp\/v2\/types\/post"}],"author":[{"embeddable":true,"href":"http:\/\/www.railfreight.eu\/dr-ne\/wp-json\/wp\/v2\/users\/1"}],"replies":[{"embeddable":true,"href":"http:\/\/www.railfreight.eu\/dr-ne\/wp-json\/wp\/v2\/comments?post=10774"}],"version-history":[{"count":6,"href":"http:\/\/www.railfreight.eu\/dr-ne\/wp-json\/wp\/v2\/posts\/10774\/revisions"}],"predecessor-version":[{"id":10786,"href":"http:\/\/www.railfreight.eu\/dr-ne\/wp-json\/wp\/v2\/posts\/10774\/revisions\/10786"}],"wp:attachment":[{"href":"http:\/\/www.railfreight.eu\/dr-ne\/wp-json\/wp\/v2\/media?parent=10774"}],"wp:term":[{"taxonomy":"category","embeddable":true,"href":"http:\/\/www.railfreight.eu\/dr-ne\/wp-json\/wp\/v2\/categories?post=10774"},{"taxonomy":"post_tag","embeddable":true,"href":"http:\/\/www.railfreight.eu\/dr-ne\/wp-json\/wp\/v2\/tags?post=10774"}],"curies":[{"name":"wp","href":"https:\/\/api.w.org\/{rel}","templated":true}]}}