{"id":13190,"date":"2021-01-17T19:34:53","date_gmt":"2021-01-17T18:34:53","guid":{"rendered":"http:\/\/www.railfreight.eu\/dr-ne\/?p=13190"},"modified":"2021-01-17T21:36:16","modified_gmt":"2021-01-17T20:36:16","slug":"kv-zug-triest-pordenone-geplant","status":"publish","type":"post","link":"http:\/\/www.railfreight.eu\/dr-ne\/2021-01-17-kv-zug-triest-pordenone-geplant\/","title":{"rendered":"KV-Zug Triest &#8211; Pordenone geplant"},"content":{"rendered":"\n<p>Die Arbeitgeberorganisation (Confindustria) Alto Adriatico hat gemeinsam mit der Autorit\u00e0 di Sistema Portuale del Mare Adriatico Orientale und dem Interporto Centro Ingrosso aus Pordenone eine Vereinbarung f\u00fcr einen Intermodalzug unterzeichnet. Dieser soll in ca. einem Monat starten und t\u00e4glich verkehren.<\/p>\n\n\n\n<figure><iframe loading=\"lazy\" src=\"https:\/\/www.google.com\/maps\/embed?pb=!1m28!1m12!1m3!1d1192322.6867883634!2d12.386481512728063!3d46.043671593853425!2m3!1f0!2f0!3f0!3m2!1i1024!2i768!4f13.1!4m13!3e6!4m5!1s0x477b6b06e4edf533%3A0x666a2484d4dd2b50!2sTriest%2C%20Italien!3m2!1d45.6495264!2d13.7768182!4m5!1s0x477964bb9d3d3771%3A0x407098715925ad0!2s33170%20Pordenone%2C%20Italien!3m2!1d45.956368399999995!2d12.661451999999999!5e0!3m2!1sde!2sde!4v1610746899397!5m2!1sde!2sde\" allowfullscreen=\"\" width=\"600\" height=\"450\"><\/iframe><\/figure>\n","protected":false},"excerpt":{"rendered":"<p>Die Arbeitgeberorganisation (Confindustria) Alto Adriatico hat gemeinsam mit der Autorit\u00e0 di Sistema Portuale del Mare Adriatico Orientale und dem Interporto Centro Ingrosso aus Pordenone eine Vereinbarung f\u00fcr einen Intermodalzug unterzeichnet. Dieser soll in ca. einem Monat starten und t\u00e4glich verkehren.<\/p>\n","protected":false},"author":1,"featured_media":0,"comment_status":"open","ping_status":"open","sticky":false,"template":"","format":"standard","meta":{"footnotes":""},"categories":[32],"tags":[47,136],"class_list":["post-13190","post","type-post","status-publish","format-standard","hentry","category-verkehr","tag-intermodal","tag-italien"],"_links":{"self":[{"href":"http:\/\/www.railfreight.eu\/dr-ne\/wp-json\/wp\/v2\/posts\/13190","targetHints":{"allow":["GET"]}}],"collection":[{"href":"http:\/\/www.railfreight.eu\/dr-ne\/wp-json\/wp\/v2\/posts"}],"about":[{"href":"http:\/\/www.railfreight.eu\/dr-ne\/wp-json\/wp\/v2\/types\/post"}],"author":[{"embeddable":true,"href":"http:\/\/www.railfreight.eu\/dr-ne\/wp-json\/wp\/v2\/users\/1"}],"replies":[{"embeddable":true,"href":"http:\/\/www.railfreight.eu\/dr-ne\/wp-json\/wp\/v2\/comments?post=13190"}],"version-history":[{"count":2,"href":"http:\/\/www.railfreight.eu\/dr-ne\/wp-json\/wp\/v2\/posts\/13190\/revisions"}],"predecessor-version":[{"id":13192,"href":"http:\/\/www.railfreight.eu\/dr-ne\/wp-json\/wp\/v2\/posts\/13190\/revisions\/13192"}],"wp:attachment":[{"href":"http:\/\/www.railfreight.eu\/dr-ne\/wp-json\/wp\/v2\/media?parent=13190"}],"wp:term":[{"taxonomy":"category","embeddable":true,"href":"http:\/\/www.railfreight.eu\/dr-ne\/wp-json\/wp\/v2\/categories?post=13190"},{"taxonomy":"post_tag","embeddable":true,"href":"http:\/\/www.railfreight.eu\/dr-ne\/wp-json\/wp\/v2\/tags?post=13190"}],"curies":[{"name":"wp","href":"https:\/\/api.w.org\/{rel}","templated":true}]}}