{"id":15094,"date":"2021-03-10T15:28:50","date_gmt":"2021-03-10T14:28:50","guid":{"rendered":"http:\/\/www.railfreight.eu\/dr-ne\/?p=15094"},"modified":"2021-03-10T19:09:29","modified_gmt":"2021-03-10T18:09:29","slug":"mehr-intermodalverkehr-in-zahony","status":"publish","type":"post","link":"http:\/\/www.railfreight.eu\/dr-ne\/2021-03-10-mehr-intermodalverkehr-in-zahony\/","title":{"rendered":"Mehr Intermodalverkehr in Z\u00e1hony"},"content":{"rendered":"\n<p>Die  Leiter des CELIZ (Z\u00e1hony Logistik- und Industriezone) Konsortiums und  der Rail Cargo Hungaria (RCH) haben eine Absichtserkl\u00e4rung unterzeichnet und  damit das Engagement beider Unternehmen best\u00e4tigt, den erh\u00f6hten \u00fcber  Z\u00e1hony, von Z\u00e1hony Port Zrt. abgewickelten intermodalen Fernostverkehr  effizienter zu gestalten.<\/p>\n\n\n\n<figure class=\"wp-block-image\"><img loading=\"lazy\" decoding=\"async\" width=\"424\" height=\"283\" src=\"http:\/\/www.railfreight.eu\/dr-ne\/wp-content\/uploads\/2021\/03\/zahony.jpg\" alt=\"\" class=\"wp-image-15096\" srcset=\"http:\/\/www.railfreight.eu\/dr-ne\/wp-content\/uploads\/2021\/03\/zahony.jpg 424w, http:\/\/www.railfreight.eu\/dr-ne\/wp-content\/uploads\/2021\/03\/zahony-300x200.jpg 300w\" sizes=\"auto, (max-width: 424px) 100vw, 424px\" \/><\/figure>\n\n\n\n<p>Das betreffende Dokument wurde seitens CELIZ vom Gesch\u00e4ftsf\u00fchrer von M\u00c1V-REC Norbert Csom\u00f3s, als Vertretung des Konsortialf\u00fchrers, und von RCH durch die  Vorstandsmitglieder Norbert K\u00f6r\u00f6s (CEO) und Roman Kotiers (CFO) unterzeichnet. <\/p>\n\n\n\n<p>Die Sprecher brachten ihre \u00dcberzeugung zum Ausdruck, dass es ein  volkswirtschaftliches Interesse sei, einen Teil des wachsenden  Handelsumsatzes zwischen China und Europa durch den Mittelmeer-Korridor,  RFC 6, mit der Miteinbeziehung Ungarns abzuwickeln. Dies wird direkt  die Einnahmen aus dem Schieneng\u00fcterverkehr und die damit verbundenen  Steuer , Zoll- und sonstigen Logistikeinnahmen erh\u00f6hen.<\/p>\n\n\n\n<p>Parallel zur Absichtserkl\u00e4rung haben die beiden Gesellschaften beschlossen, weitere zuk\u00fcnftige Kooperationsm\u00f6glichkeiten zu erw\u00e4gen und festgestellt, dass sie nach einem eventuellen g\u00fcnstigen Ergebnis bis zum 15.04.2021 eine Kooperationsvereinbarung abschlie\u00dfen werden.<\/p>\n\n\n\n<figure><iframe loading=\"lazy\" src=\"https:\/\/www.google.com\/maps\/embed?pb=!1m14!1m8!1m3!1d1352915.241960509!2d20.830670479248052!3d48.525324436589365!3m2!1i1024!2i768!4f13.1!3m3!1m2!1s0x0%3A0x89ea27c9732b8342!2sZ%C3%A1hony-Port%20Zrt.!5e0!3m2!1sde!2sde!4v1615400151683!5m2!1sde!2sde\" allowfullscreen=\"\" width=\"600\" height=\"450\"><\/iframe><\/figure>\n","protected":false},"excerpt":{"rendered":"<p>Die Leiter des CELIZ (Z\u00e1hony Logistik- und Industriezone) Konsortiums und der Rail Cargo Hungaria (RCH) haben eine Absichtserkl\u00e4rung unterzeichnet und damit das Engagement beider Unternehmen best\u00e4tigt, den erh\u00f6hten \u00fcber Z\u00e1hony, von Z\u00e1hony Port Zrt. abgewickelten intermodalen Fernostverkehr effizienter zu gestalten. Das betreffende Dokument wurde seitens CELIZ vom Gesch\u00e4ftsf\u00fchrer von M\u00c1V-REC Norbert Csom\u00f3s, als Vertretung des &hellip; <\/p>\n<p class=\"link-more\"><a href=\"http:\/\/www.railfreight.eu\/dr-ne\/2021-03-10-mehr-intermodalverkehr-in-zahony\/\" class=\"more-link\"><span class=\"screen-reader-text\">\u201eMehr Intermodalverkehr in Z\u00e1hony\u201c<\/span> weiterlesen<\/a><\/p>\n","protected":false},"author":1,"featured_media":0,"comment_status":"open","ping_status":"open","sticky":false,"template":"","format":"standard","meta":{"footnotes":""},"categories":[1],"tags":[89],"class_list":["post-15094","post","type-post","status-publish","format-standard","hentry","category-allgemein","tag-ungarn"],"_links":{"self":[{"href":"http:\/\/www.railfreight.eu\/dr-ne\/wp-json\/wp\/v2\/posts\/15094","targetHints":{"allow":["GET"]}}],"collection":[{"href":"http:\/\/www.railfreight.eu\/dr-ne\/wp-json\/wp\/v2\/posts"}],"about":[{"href":"http:\/\/www.railfreight.eu\/dr-ne\/wp-json\/wp\/v2\/types\/post"}],"author":[{"embeddable":true,"href":"http:\/\/www.railfreight.eu\/dr-ne\/wp-json\/wp\/v2\/users\/1"}],"replies":[{"embeddable":true,"href":"http:\/\/www.railfreight.eu\/dr-ne\/wp-json\/wp\/v2\/comments?post=15094"}],"version-history":[{"count":3,"href":"http:\/\/www.railfreight.eu\/dr-ne\/wp-json\/wp\/v2\/posts\/15094\/revisions"}],"predecessor-version":[{"id":15139,"href":"http:\/\/www.railfreight.eu\/dr-ne\/wp-json\/wp\/v2\/posts\/15094\/revisions\/15139"}],"wp:attachment":[{"href":"http:\/\/www.railfreight.eu\/dr-ne\/wp-json\/wp\/v2\/media?parent=15094"}],"wp:term":[{"taxonomy":"category","embeddable":true,"href":"http:\/\/www.railfreight.eu\/dr-ne\/wp-json\/wp\/v2\/categories?post=15094"},{"taxonomy":"post_tag","embeddable":true,"href":"http:\/\/www.railfreight.eu\/dr-ne\/wp-json\/wp\/v2\/tags?post=15094"}],"curies":[{"name":"wp","href":"https:\/\/api.w.org\/{rel}","templated":true}]}}