{"id":15169,"date":"2021-03-11T10:21:18","date_gmt":"2021-03-11T09:21:18","guid":{"rendered":"http:\/\/www.railfreight.eu\/dr-ne\/?p=15169"},"modified":"2022-10-26T11:36:27","modified_gmt":"2022-10-26T09:36:27","slug":"rheincargo-begrenzt-mengenverluste-in-der-krise","status":"publish","type":"post","link":"http:\/\/www.railfreight.eu\/dr-ne\/2021-03-11-rheincargo-begrenzt-mengenverluste-in-der-krise\/","title":{"rendered":"RheinCargo begrenzt Mengenverluste"},"content":{"rendered":"\n<p>Der Logistik-Dienstleister RheinCargo hat sich im Coronajahr 2020 trotz der teilweise dramatischen Marktsituation nach eigener Einsch\u00e4tzung stabil aufgestellt. Dank der Verbindung der Verkehrstr\u00e4ger Wasserstra\u00dfe und Schiene gelang es dem Unternehmen, covidbedingte Mengenr\u00fcckg\u00e4nge zu begrenzen. Mit 41 Millionen Tonnen im gesamten Jahr 2020 umgeschlagener und transportierter G\u00fcter lag RheinCargo auch um etwa 11,5 Prozent unter dem Vorjahreswert. 2019 hatte das Unternehmen insgesamt noch 46,3 Millionen Tonnen bewegt.<\/p>\n\n\n\n<p>Die Bahnsparte kam im abgelaufenen Jahr auf ein Transportvolumen von 18,63 Millionen Tonnen im Vergleich zu 21,87 Millionen Tonnen im Vorjahr. Pandemiebedingte Mengenverluste gab es insbesondere im Bereich der Mineral\u00f6l- und Kerosintransporte. Der Gesch\u00e4ftsbereich \u201eWerks- und Industriebahnen\u201c konnte 2020 entgegen dem Trend sogar zulegen.<\/p>\n\n\n\n<p>F\u00fcr 2021 wagen die beiden RheinCargo-Gesch\u00e4ftsf\u00fchrer Wolfgang Birlin (G\u00fcterbahn) und Jan S\u00f6nke Eckel (H\u00e4fen) angesichts der Unberechenbarkeit der Pandemie keine Prognose.<\/p>\n","protected":false},"excerpt":{"rendered":"<p>Der Logistik-Dienstleister RheinCargo hat sich im Coronajahr 2020 trotz der teilweise dramatischen Marktsituation nach eigener Einsch\u00e4tzung stabil aufgestellt. Dank der Verbindung der Verkehrstr\u00e4ger Wasserstra\u00dfe und Schiene gelang es dem Unternehmen, covidbedingte Mengenr\u00fcckg\u00e4nge zu begrenzen. Mit 41 Millionen Tonnen im gesamten Jahr 2020 umgeschlagener und transportierter G\u00fcter lag RheinCargo auch um etwa 11,5 Prozent unter dem &hellip; <\/p>\n<p class=\"link-more\"><a href=\"http:\/\/www.railfreight.eu\/dr-ne\/2021-03-11-rheincargo-begrenzt-mengenverluste-in-der-krise\/\" class=\"more-link\"><span class=\"screen-reader-text\">\u201eRheinCargo begrenzt Mengenverluste\u201c<\/span> weiterlesen<\/a><\/p>\n","protected":false},"author":1,"featured_media":0,"comment_status":"open","ping_status":"open","sticky":false,"template":"","format":"standard","meta":{"footnotes":""},"categories":[13],"tags":[883,12],"class_list":["post-15169","post","type-post","status-publish","format-standard","hentry","category-unternehmen","tag-bilanz","tag-rheincargo"],"_links":{"self":[{"href":"http:\/\/www.railfreight.eu\/dr-ne\/wp-json\/wp\/v2\/posts\/15169","targetHints":{"allow":["GET"]}}],"collection":[{"href":"http:\/\/www.railfreight.eu\/dr-ne\/wp-json\/wp\/v2\/posts"}],"about":[{"href":"http:\/\/www.railfreight.eu\/dr-ne\/wp-json\/wp\/v2\/types\/post"}],"author":[{"embeddable":true,"href":"http:\/\/www.railfreight.eu\/dr-ne\/wp-json\/wp\/v2\/users\/1"}],"replies":[{"embeddable":true,"href":"http:\/\/www.railfreight.eu\/dr-ne\/wp-json\/wp\/v2\/comments?post=15169"}],"version-history":[{"count":3,"href":"http:\/\/www.railfreight.eu\/dr-ne\/wp-json\/wp\/v2\/posts\/15169\/revisions"}],"predecessor-version":[{"id":15172,"href":"http:\/\/www.railfreight.eu\/dr-ne\/wp-json\/wp\/v2\/posts\/15169\/revisions\/15172"}],"wp:attachment":[{"href":"http:\/\/www.railfreight.eu\/dr-ne\/wp-json\/wp\/v2\/media?parent=15169"}],"wp:term":[{"taxonomy":"category","embeddable":true,"href":"http:\/\/www.railfreight.eu\/dr-ne\/wp-json\/wp\/v2\/categories?post=15169"},{"taxonomy":"post_tag","embeddable":true,"href":"http:\/\/www.railfreight.eu\/dr-ne\/wp-json\/wp\/v2\/tags?post=15169"}],"curies":[{"name":"wp","href":"https:\/\/api.w.org\/{rel}","templated":true}]}}