{"id":15427,"date":"2021-03-01T05:35:34","date_gmt":"2021-03-01T04:35:34","guid":{"rendered":"http:\/\/www.railfreight.eu\/dr-ne\/?p=15427"},"modified":"2021-03-18T20:28:25","modified_gmt":"2021-03-18T19:28:25","slug":"bm-bahndienste-merkel-uebernimmt","status":"publish","type":"post","link":"http:\/\/www.railfreight.eu\/dr-ne\/2021-03-01-bm-bahndienste-merkel-uebernimmt\/","title":{"rendered":"BM Bahndienste: Merkel \u00fcbernimmt"},"content":{"rendered":"\n<p>Bei der BM Bahndienste GmbH aus Karlsruhe ergaben sich im Januar 2021 Ver\u00e4nderungen in der Gesch\u00e4ftsf\u00fchrung. Der erst im Juli 2020 in die Gesch\u00e4ftsf\u00fchrung berufene Fr\u00e9d\u00e9ric Wanin (52) wurde vom bisherigen Prokuristen und Gesellschafter Manfred Merkel (58) abgel\u00f6st.<\/p>\n","protected":false},"excerpt":{"rendered":"<p>Bei der BM Bahndienste GmbH aus Karlsruhe ergaben sich im Januar 2021 Ver\u00e4nderungen in der Gesch\u00e4ftsf\u00fchrung. Der erst im Juli 2020 in die Gesch\u00e4ftsf\u00fchrung berufene Fr\u00e9d\u00e9ric Wanin (52) wurde vom bisherigen Prokuristen und Gesellschafter Manfred Merkel (58) abgel\u00f6st.<\/p>\n","protected":false},"author":1,"featured_media":0,"comment_status":"open","ping_status":"open","sticky":false,"template":"","format":"standard","meta":{"footnotes":""},"categories":[2],"tags":[55],"class_list":["post-15427","post","type-post","status-publish","format-standard","hentry","category-personalien","tag-bm-bahndienste"],"_links":{"self":[{"href":"http:\/\/www.railfreight.eu\/dr-ne\/wp-json\/wp\/v2\/posts\/15427","targetHints":{"allow":["GET"]}}],"collection":[{"href":"http:\/\/www.railfreight.eu\/dr-ne\/wp-json\/wp\/v2\/posts"}],"about":[{"href":"http:\/\/www.railfreight.eu\/dr-ne\/wp-json\/wp\/v2\/types\/post"}],"author":[{"embeddable":true,"href":"http:\/\/www.railfreight.eu\/dr-ne\/wp-json\/wp\/v2\/users\/1"}],"replies":[{"embeddable":true,"href":"http:\/\/www.railfreight.eu\/dr-ne\/wp-json\/wp\/v2\/comments?post=15427"}],"version-history":[{"count":1,"href":"http:\/\/www.railfreight.eu\/dr-ne\/wp-json\/wp\/v2\/posts\/15427\/revisions"}],"predecessor-version":[{"id":15428,"href":"http:\/\/www.railfreight.eu\/dr-ne\/wp-json\/wp\/v2\/posts\/15427\/revisions\/15428"}],"wp:attachment":[{"href":"http:\/\/www.railfreight.eu\/dr-ne\/wp-json\/wp\/v2\/media?parent=15427"}],"wp:term":[{"taxonomy":"category","embeddable":true,"href":"http:\/\/www.railfreight.eu\/dr-ne\/wp-json\/wp\/v2\/categories?post=15427"},{"taxonomy":"post_tag","embeddable":true,"href":"http:\/\/www.railfreight.eu\/dr-ne\/wp-json\/wp\/v2\/tags?post=15427"}],"curies":[{"name":"wp","href":"https:\/\/api.w.org\/{rel}","templated":true}]}}