{"id":16185,"date":"2021-04-06T16:03:54","date_gmt":"2021-04-06T14:03:54","guid":{"rendered":"http:\/\/www.railfreight.eu\/dr-ne\/?p=16185"},"modified":"2021-04-06T16:06:40","modified_gmt":"2021-04-06T14:06:40","slug":"20-jahre-bls-cargo","status":"publish","type":"post","link":"http:\/\/www.railfreight.eu\/dr-ne\/2021-04-06-20-jahre-bls-cargo\/","title":{"rendered":"20 Jahre BLS Cargo"},"content":{"rendered":"\n<p>Die am 03.04.2001 als Tochter der damaligen BLS L\u00f6tschbergbahn gegr\u00fcndete BLS Cargo feiert das Firmenjubil\u00e4um mit einer Bildstrecke: <\/p>\n\n\n\n<p><a rel=\"noreferrer noopener\" aria-label=\" (\u00f6ffnet in neuem Tab)\" href=\"https:\/\/www.blscargo.ch\/de\/aktuelles\/20-years-bls-cargo\" target=\"_blank\">www.blscargo.ch\/de\/aktuelles\/20-years-bls-cargo<\/a><\/p>\n","protected":false},"excerpt":{"rendered":"<p>Die am 03.04.2001 als Tochter der damaligen BLS L\u00f6tschbergbahn gegr\u00fcndete BLS Cargo feiert das Firmenjubil\u00e4um mit einer Bildstrecke: www.blscargo.ch\/de\/aktuelles\/20-years-bls-cargo<\/p>\n","protected":false},"author":1,"featured_media":0,"comment_status":"open","ping_status":"open","sticky":false,"template":"","format":"standard","meta":{"footnotes":""},"categories":[13],"tags":[63,467,116],"class_list":["post-16185","post","type-post","status-publish","format-standard","hentry","category-unternehmen","tag-bls-cargo","tag-jubilaeum","tag-schweiz"],"_links":{"self":[{"href":"http:\/\/www.railfreight.eu\/dr-ne\/wp-json\/wp\/v2\/posts\/16185","targetHints":{"allow":["GET"]}}],"collection":[{"href":"http:\/\/www.railfreight.eu\/dr-ne\/wp-json\/wp\/v2\/posts"}],"about":[{"href":"http:\/\/www.railfreight.eu\/dr-ne\/wp-json\/wp\/v2\/types\/post"}],"author":[{"embeddable":true,"href":"http:\/\/www.railfreight.eu\/dr-ne\/wp-json\/wp\/v2\/users\/1"}],"replies":[{"embeddable":true,"href":"http:\/\/www.railfreight.eu\/dr-ne\/wp-json\/wp\/v2\/comments?post=16185"}],"version-history":[{"count":3,"href":"http:\/\/www.railfreight.eu\/dr-ne\/wp-json\/wp\/v2\/posts\/16185\/revisions"}],"predecessor-version":[{"id":16188,"href":"http:\/\/www.railfreight.eu\/dr-ne\/wp-json\/wp\/v2\/posts\/16185\/revisions\/16188"}],"wp:attachment":[{"href":"http:\/\/www.railfreight.eu\/dr-ne\/wp-json\/wp\/v2\/media?parent=16185"}],"wp:term":[{"taxonomy":"category","embeddable":true,"href":"http:\/\/www.railfreight.eu\/dr-ne\/wp-json\/wp\/v2\/categories?post=16185"},{"taxonomy":"post_tag","embeddable":true,"href":"http:\/\/www.railfreight.eu\/dr-ne\/wp-json\/wp\/v2\/tags?post=16185"}],"curies":[{"name":"wp","href":"https:\/\/api.w.org\/{rel}","templated":true}]}}