{"id":17664,"date":"2021-05-17T08:37:51","date_gmt":"2021-05-17T06:37:51","guid":{"rendered":"http:\/\/www.railfreight.eu\/dr-ne\/?p=17664"},"modified":"2021-05-17T10:29:28","modified_gmt":"2021-05-17T08:29:28","slug":"mev-mit-neuen-prokuristen","status":"publish","type":"post","link":"http:\/\/www.railfreight.eu\/dr-ne\/2021-05-17-mev-mit-neuen-prokuristen\/","title":{"rendered":"MEV mit neuen Prokuristen"},"content":{"rendered":"\n<p>Thomas Hercher (62;  Gesch\u00e4ftsbereichsleiter Cargo) und Thorsten Wagner (48; Leiter Gesch\u00e4ftsbereich Schule) erhielten Gesamtprokura f\u00fcr die MEV Eisenbahn- und Verkehrsgesellschaft mbH. <\/p>\n","protected":false},"excerpt":{"rendered":"<p>Thomas Hercher (62; Gesch\u00e4ftsbereichsleiter Cargo) und Thorsten Wagner (48; Leiter Gesch\u00e4ftsbereich Schule) erhielten Gesamtprokura f\u00fcr die MEV Eisenbahn- und Verkehrsgesellschaft mbH.<\/p>\n","protected":false},"author":1,"featured_media":0,"comment_status":"open","ping_status":"open","sticky":false,"template":"","format":"standard","meta":{"footnotes":""},"categories":[2],"tags":[889],"class_list":["post-17664","post","type-post","status-publish","format-standard","hentry","category-personalien","tag-mev"],"_links":{"self":[{"href":"http:\/\/www.railfreight.eu\/dr-ne\/wp-json\/wp\/v2\/posts\/17664","targetHints":{"allow":["GET"]}}],"collection":[{"href":"http:\/\/www.railfreight.eu\/dr-ne\/wp-json\/wp\/v2\/posts"}],"about":[{"href":"http:\/\/www.railfreight.eu\/dr-ne\/wp-json\/wp\/v2\/types\/post"}],"author":[{"embeddable":true,"href":"http:\/\/www.railfreight.eu\/dr-ne\/wp-json\/wp\/v2\/users\/1"}],"replies":[{"embeddable":true,"href":"http:\/\/www.railfreight.eu\/dr-ne\/wp-json\/wp\/v2\/comments?post=17664"}],"version-history":[{"count":1,"href":"http:\/\/www.railfreight.eu\/dr-ne\/wp-json\/wp\/v2\/posts\/17664\/revisions"}],"predecessor-version":[{"id":17665,"href":"http:\/\/www.railfreight.eu\/dr-ne\/wp-json\/wp\/v2\/posts\/17664\/revisions\/17665"}],"wp:attachment":[{"href":"http:\/\/www.railfreight.eu\/dr-ne\/wp-json\/wp\/v2\/media?parent=17664"}],"wp:term":[{"taxonomy":"category","embeddable":true,"href":"http:\/\/www.railfreight.eu\/dr-ne\/wp-json\/wp\/v2\/categories?post=17664"},{"taxonomy":"post_tag","embeddable":true,"href":"http:\/\/www.railfreight.eu\/dr-ne\/wp-json\/wp\/v2\/tags?post=17664"}],"curies":[{"name":"wp","href":"https:\/\/api.w.org\/{rel}","templated":true}]}}