{"id":18999,"date":"2021-06-22T19:37:06","date_gmt":"2021-06-22T17:37:06","guid":{"rendered":"http:\/\/www.railfreight.eu\/dr-ne\/?p=18999"},"modified":"2021-06-24T11:05:10","modified_gmt":"2021-06-24T09:05:10","slug":"vtg-fischer-geht-nach-25-jahren","status":"publish","type":"post","link":"http:\/\/www.railfreight.eu\/dr-ne\/2021-06-22-vtg-fischer-geht-nach-25-jahren\/","title":{"rendered":"VTG: Fischer geht nach 25 Jahren"},"content":{"rendered":"\n<p>Nach mehr als 25 Jahren in den Diensten der VTG und mehr als 17  Jahre als Vorsitzender des Vorstands  wird Dr. Heiko Fischer sein Amt zum 30.06.2021 niederlegen, bleibt der VTG aber als Senior Advisor f\u00fcr T\u00e4tigkeiten insbesondere im politischen und  gesellschaftlichen Raum weiterhin verbunden.<\/p>\n\n\n\n<p>Nach  dem R\u00fcckzug von der B\u00f6rse im Jahr 2019 und der nun mit dem Squeeze-out  anstehenden \u00dcberf\u00fchrung der Gesellschaft in ein vollst\u00e4ndig privates  Umfeld sowie einer st\u00e4rkeren Fokussierung auf Kernm\u00e4rkte und  Kernaktivit\u00e4ten werden sich nach VTG-Auskunft sowohl die Ausrichtung des Unternehmens als  auch die Art der Leitungsaufgabe erheblich \u00e4ndern. Dr. Heiko Fischer ist  daher zusammen mit dem Aufsichtsrat zu dem Entschluss gekommen, die  F\u00fchrung des Unternehmens mit dem \u00dcbergang in diese neue Phase in neue  H\u00e4nde zu legen.<\/p>\n","protected":false},"excerpt":{"rendered":"<p>Nach mehr als 25 Jahren in den Diensten der VTG und mehr als 17 Jahre als Vorsitzender des Vorstands wird Dr. Heiko Fischer sein Amt zum 30.06.2021 niederlegen, bleibt der VTG aber als Senior Advisor f\u00fcr T\u00e4tigkeiten insbesondere im politischen und gesellschaftlichen Raum weiterhin verbunden. Nach dem R\u00fcckzug von der B\u00f6rse im Jahr 2019 und &hellip; <\/p>\n<p class=\"link-more\"><a href=\"http:\/\/www.railfreight.eu\/dr-ne\/2021-06-22-vtg-fischer-geht-nach-25-jahren\/\" class=\"more-link\"><span class=\"screen-reader-text\">\u201eVTG: Fischer geht nach 25 Jahren\u201c<\/span> weiterlesen<\/a><\/p>\n","protected":false},"author":1,"featured_media":0,"comment_status":"open","ping_status":"open","sticky":false,"template":"","format":"standard","meta":{"footnotes":""},"categories":[2],"tags":[109],"class_list":["post-18999","post","type-post","status-publish","format-standard","hentry","category-personalien","tag-vtg"],"_links":{"self":[{"href":"http:\/\/www.railfreight.eu\/dr-ne\/wp-json\/wp\/v2\/posts\/18999","targetHints":{"allow":["GET"]}}],"collection":[{"href":"http:\/\/www.railfreight.eu\/dr-ne\/wp-json\/wp\/v2\/posts"}],"about":[{"href":"http:\/\/www.railfreight.eu\/dr-ne\/wp-json\/wp\/v2\/types\/post"}],"author":[{"embeddable":true,"href":"http:\/\/www.railfreight.eu\/dr-ne\/wp-json\/wp\/v2\/users\/1"}],"replies":[{"embeddable":true,"href":"http:\/\/www.railfreight.eu\/dr-ne\/wp-json\/wp\/v2\/comments?post=18999"}],"version-history":[{"count":2,"href":"http:\/\/www.railfreight.eu\/dr-ne\/wp-json\/wp\/v2\/posts\/18999\/revisions"}],"predecessor-version":[{"id":19008,"href":"http:\/\/www.railfreight.eu\/dr-ne\/wp-json\/wp\/v2\/posts\/18999\/revisions\/19008"}],"wp:attachment":[{"href":"http:\/\/www.railfreight.eu\/dr-ne\/wp-json\/wp\/v2\/media?parent=18999"}],"wp:term":[{"taxonomy":"category","embeddable":true,"href":"http:\/\/www.railfreight.eu\/dr-ne\/wp-json\/wp\/v2\/categories?post=18999"},{"taxonomy":"post_tag","embeddable":true,"href":"http:\/\/www.railfreight.eu\/dr-ne\/wp-json\/wp\/v2\/tags?post=18999"}],"curies":[{"name":"wp","href":"https:\/\/api.w.org\/{rel}","templated":true}]}}