{"id":19214,"date":"2021-06-29T08:47:23","date_gmt":"2021-06-29T06:47:23","guid":{"rendered":"http:\/\/www.railfreight.eu\/dr-ne\/?p=19214"},"modified":"2021-07-01T17:35:44","modified_gmt":"2021-07-01T15:35:44","slug":"portugal-captrain-tritt-apef-bei","status":"publish","type":"post","link":"http:\/\/www.railfreight.eu\/dr-ne\/2021-06-29-portugal-captrain-tritt-apef-bei\/","title":{"rendered":"Portugal: Captrain tritt APEF bei"},"content":{"rendered":"\n<p>Die spanische G\u00fcterbahn Captrain Espa\u00f1a ist neues Mitglied des <a href=\"http:\/\/www.railfreight.eu\/dr-ne\/2021\/07\/01\/portugal-neuer-eisenbahnverband\/\">im Mai 2021 gegr\u00fcndeten portugisischen Eisenbahnverbandes APEF<\/a> (Associa\u00e7\u00e3o Portuguesa de Empresas Ferrovi\u00e1rias). Mit dem Verbandsmitglied Takargo wickeln  Captrain Espa\u00f1a bzw. deren Vorg\u00e4nger Comsa Transport im Rahmen der Kooperation Ibercargo bereits seit vielen Jahren grenz\u00fcberschreitende Transporte ab.<\/p>\n","protected":false},"excerpt":{"rendered":"<p>Die spanische G\u00fcterbahn Captrain Espa\u00f1a ist neues Mitglied des im Mai 2021 gegr\u00fcndeten portugisischen Eisenbahnverbandes APEF (Associa\u00e7\u00e3o Portuguesa de Empresas Ferrovi\u00e1rias). Mit dem Verbandsmitglied Takargo wickeln Captrain Espa\u00f1a bzw. deren Vorg\u00e4nger Comsa Transport im Rahmen der Kooperation Ibercargo bereits seit vielen Jahren grenz\u00fcberschreitende Transporte ab.<\/p>\n","protected":false},"author":1,"featured_media":0,"comment_status":"open","ping_status":"open","sticky":false,"template":"","format":"standard","meta":{"footnotes":""},"categories":[1061],"tags":[1768,9,605],"class_list":["post-19214","post","type-post","status-publish","format-standard","hentry","category-politik-verbaende","tag-apef","tag-captrain","tag-portugal"],"_links":{"self":[{"href":"http:\/\/www.railfreight.eu\/dr-ne\/wp-json\/wp\/v2\/posts\/19214","targetHints":{"allow":["GET"]}}],"collection":[{"href":"http:\/\/www.railfreight.eu\/dr-ne\/wp-json\/wp\/v2\/posts"}],"about":[{"href":"http:\/\/www.railfreight.eu\/dr-ne\/wp-json\/wp\/v2\/types\/post"}],"author":[{"embeddable":true,"href":"http:\/\/www.railfreight.eu\/dr-ne\/wp-json\/wp\/v2\/users\/1"}],"replies":[{"embeddable":true,"href":"http:\/\/www.railfreight.eu\/dr-ne\/wp-json\/wp\/v2\/comments?post=19214"}],"version-history":[{"count":2,"href":"http:\/\/www.railfreight.eu\/dr-ne\/wp-json\/wp\/v2\/posts\/19214\/revisions"}],"predecessor-version":[{"id":19220,"href":"http:\/\/www.railfreight.eu\/dr-ne\/wp-json\/wp\/v2\/posts\/19214\/revisions\/19220"}],"wp:attachment":[{"href":"http:\/\/www.railfreight.eu\/dr-ne\/wp-json\/wp\/v2\/media?parent=19214"}],"wp:term":[{"taxonomy":"category","embeddable":true,"href":"http:\/\/www.railfreight.eu\/dr-ne\/wp-json\/wp\/v2\/categories?post=19214"},{"taxonomy":"post_tag","embeddable":true,"href":"http:\/\/www.railfreight.eu\/dr-ne\/wp-json\/wp\/v2\/tags?post=19214"}],"curies":[{"name":"wp","href":"https:\/\/api.w.org\/{rel}","templated":true}]}}