{"id":19306,"date":"2021-06-24T18:44:17","date_gmt":"2021-06-24T16:44:17","guid":{"rendered":"http:\/\/www.railfreight.eu\/dr-ne\/?p=19306"},"modified":"2021-07-15T12:06:36","modified_gmt":"2021-07-15T10:06:36","slug":"kaum-trassen-im-grenzverkehr-mit-polen-verfuegbar","status":"publish","type":"post","link":"http:\/\/www.railfreight.eu\/dr-ne\/2021-06-24-kaum-trassen-im-grenzverkehr-mit-polen-verfuegbar\/","title":{"rendered":"Kaum Trassen im Grenzverkehr mit Polen verf\u00fcgbar"},"content":{"rendered":"\n<p>Rund um den deutsch-polnischen Grenzbahnhof Frankfurt (Oder) kommt es rund zwei Monate zu starken Einschr\u00e4nkungen.<\/p>\n\n\n\n<p>Vom 25.06. (22 Uhr) bis 28.06.2021 (4 Uhr) ist der Abschnitt Pillgram \u2013 Frankfurt\/Oder in Deutschland wegen Bauarbeiten gesperrt.<\/p>\n\n\n\n<p>Baubedingte Einschr\u00e4nkungen sind zudem vom 28.06.2021 bis 28.08.2021 auf der Grenzbetriebsstrecke Frankfurt (Oder) Pbf \/ Oderbr\u00fccke \u2013 Rzepin im Gelegenheitsverkehr zu erwarten:<\/p>\n\n\n\n<ul class=\"wp-block-list\"><li>28.06.2021 bis 09.07.2021 im Abschnitt Opalenica \u2013 Nowy Tomy\u015bl<\/li><li>10.07.2021 bis 28.08.2021 im Abschnitt Buk &#8211; Opalenica<\/li><\/ul>\n\n\n\n<p>Dadurch\n kommt es auf der Grenzbetriebsstrecke zwischen Frankfurt (Oder) Pbf \/ \nOderbr\u00fccke \u2013 Rzepin zu einer stark eingeschr\u00e4nkten Anzahl frei \nverf\u00fcgbaren Trassenkapazit\u00e4ten. Vorhandene Kapazit\u00e4ten stehen vorrangig \nim Zeitraum 21:00 Uhr bis 05:00 Uhr zur Verf\u00fcgung.<\/p>\n\n\n\n<p>Alternative Laufwege f\u00fcr Verkehre zwischen Deutschland und Polen sind:<\/p>\n\n\n\n<ul class=\"wp-block-list\"><li>Grenz\u00fcbergang Guben &#8211; Gubin (ohne Oberleitung, Besetzung 06:00 Uhr &#8211; 18:00 Uhr)<\/li><li>Grenz\u00fcbergang Horka Gbf &#8211; W\u0119gliniec (elektrifiziert, zweigleisig) \u00a0<\/li><\/ul>\n","protected":false},"excerpt":{"rendered":"<p>Rund um den deutsch-polnischen Grenzbahnhof Frankfurt (Oder) kommt es rund zwei Monate zu starken Einschr\u00e4nkungen. Vom 25.06. (22 Uhr) bis 28.06.2021 (4 Uhr) ist der Abschnitt Pillgram \u2013 Frankfurt\/Oder in Deutschland wegen Bauarbeiten gesperrt. Baubedingte Einschr\u00e4nkungen sind zudem vom 28.06.2021 bis 28.08.2021 auf der Grenzbetriebsstrecke Frankfurt (Oder) Pbf \/ Oderbr\u00fccke \u2013 Rzepin im Gelegenheitsverkehr zu &hellip; <\/p>\n<p class=\"link-more\"><a href=\"http:\/\/www.railfreight.eu\/dr-ne\/2021-06-24-kaum-trassen-im-grenzverkehr-mit-polen-verfuegbar\/\" class=\"more-link\"><span class=\"screen-reader-text\">\u201eKaum Trassen im Grenzverkehr mit Polen verf\u00fcgbar\u201c<\/span> weiterlesen<\/a><\/p>\n","protected":false},"author":1,"featured_media":0,"comment_status":"open","ping_status":"open","sticky":false,"template":"","format":"standard","meta":{"footnotes":""},"categories":[193],"tags":[752,1537,104],"class_list":["post-19306","post","type-post","status-publish","format-standard","hentry","category-infrastruktur","tag-db-infrago-db-netz","tag-pkp-plk","tag-polen"],"_links":{"self":[{"href":"http:\/\/www.railfreight.eu\/dr-ne\/wp-json\/wp\/v2\/posts\/19306","targetHints":{"allow":["GET"]}}],"collection":[{"href":"http:\/\/www.railfreight.eu\/dr-ne\/wp-json\/wp\/v2\/posts"}],"about":[{"href":"http:\/\/www.railfreight.eu\/dr-ne\/wp-json\/wp\/v2\/types\/post"}],"author":[{"embeddable":true,"href":"http:\/\/www.railfreight.eu\/dr-ne\/wp-json\/wp\/v2\/users\/1"}],"replies":[{"embeddable":true,"href":"http:\/\/www.railfreight.eu\/dr-ne\/wp-json\/wp\/v2\/comments?post=19306"}],"version-history":[{"count":6,"href":"http:\/\/www.railfreight.eu\/dr-ne\/wp-json\/wp\/v2\/posts\/19306\/revisions"}],"predecessor-version":[{"id":19683,"href":"http:\/\/www.railfreight.eu\/dr-ne\/wp-json\/wp\/v2\/posts\/19306\/revisions\/19683"}],"wp:attachment":[{"href":"http:\/\/www.railfreight.eu\/dr-ne\/wp-json\/wp\/v2\/media?parent=19306"}],"wp:term":[{"taxonomy":"category","embeddable":true,"href":"http:\/\/www.railfreight.eu\/dr-ne\/wp-json\/wp\/v2\/categories?post=19306"},{"taxonomy":"post_tag","embeddable":true,"href":"http:\/\/www.railfreight.eu\/dr-ne\/wp-json\/wp\/v2\/tags?post=19306"}],"curies":[{"name":"wp","href":"https:\/\/api.w.org\/{rel}","templated":true}]}}