{"id":19372,"date":"2021-06-23T13:42:00","date_gmt":"2021-06-23T11:42:00","guid":{"rendered":"http:\/\/www.railfreight.eu\/dr-ne\/?p=19372"},"modified":"2021-07-07T17:13:30","modified_gmt":"2021-07-07T15:13:30","slug":"auch-captrain-nach-llano-de-la-granja","status":"publish","type":"post","link":"http:\/\/www.railfreight.eu\/dr-ne\/2021-06-23-auch-captrain-nach-llano-de-la-granja\/","title":{"rendered":"Auch Captrain nach Llano de la Granja"},"content":{"rendered":"\n<p>Wenige Wochen nachdem die staatliche spanische G\u00fcterbahn Renfe den G\u00fcterverkehr nach  Llano de la Granja wieder aufgenommen hat, erreichte am 21.06.2021 auch ein Coilzug der  Captrain Espa\u00f1a aus Sagunto den Tarifpunkt.<\/p>\n","protected":false},"excerpt":{"rendered":"<p>Wenige Wochen nachdem die staatliche spanische G\u00fcterbahn Renfe den G\u00fcterverkehr nach Llano de la Granja wieder aufgenommen hat, erreichte am 21.06.2021 auch ein Coilzug der Captrain Espa\u00f1a aus Sagunto den Tarifpunkt.<\/p>\n","protected":false},"author":1,"featured_media":0,"comment_status":"open","ping_status":"open","sticky":false,"template":"","format":"standard","meta":{"footnotes":""},"categories":[32],"tags":[9,136,527],"class_list":["post-19372","post","type-post","status-publish","format-standard","hentry","category-verkehr","tag-captrain","tag-italien","tag-stahl"],"_links":{"self":[{"href":"http:\/\/www.railfreight.eu\/dr-ne\/wp-json\/wp\/v2\/posts\/19372","targetHints":{"allow":["GET"]}}],"collection":[{"href":"http:\/\/www.railfreight.eu\/dr-ne\/wp-json\/wp\/v2\/posts"}],"about":[{"href":"http:\/\/www.railfreight.eu\/dr-ne\/wp-json\/wp\/v2\/types\/post"}],"author":[{"embeddable":true,"href":"http:\/\/www.railfreight.eu\/dr-ne\/wp-json\/wp\/v2\/users\/1"}],"replies":[{"embeddable":true,"href":"http:\/\/www.railfreight.eu\/dr-ne\/wp-json\/wp\/v2\/comments?post=19372"}],"version-history":[{"count":1,"href":"http:\/\/www.railfreight.eu\/dr-ne\/wp-json\/wp\/v2\/posts\/19372\/revisions"}],"predecessor-version":[{"id":19373,"href":"http:\/\/www.railfreight.eu\/dr-ne\/wp-json\/wp\/v2\/posts\/19372\/revisions\/19373"}],"wp:attachment":[{"href":"http:\/\/www.railfreight.eu\/dr-ne\/wp-json\/wp\/v2\/media?parent=19372"}],"wp:term":[{"taxonomy":"category","embeddable":true,"href":"http:\/\/www.railfreight.eu\/dr-ne\/wp-json\/wp\/v2\/categories?post=19372"},{"taxonomy":"post_tag","embeddable":true,"href":"http:\/\/www.railfreight.eu\/dr-ne\/wp-json\/wp\/v2\/tags?post=19372"}],"curies":[{"name":"wp","href":"https:\/\/api.w.org\/{rel}","templated":true}]}}