{"id":19374,"date":"2021-06-18T13:44:31","date_gmt":"2021-06-18T11:44:31","guid":{"rendered":"http:\/\/www.railfreight.eu\/dr-ne\/?p=19374"},"modified":"2021-07-07T17:13:53","modified_gmt":"2021-07-07T15:13:53","slug":"gueterverkehr-zurueck-in-alicante","status":"publish","type":"post","link":"http:\/\/www.railfreight.eu\/dr-ne\/2021-06-18-gueterverkehr-zurueck-in-alicante\/","title":{"rendered":"G\u00fcterverkehr zur\u00fcck in Alicante"},"content":{"rendered":"\n<p>Nach neun Monaten ohne Verkehr ist Renfe Mercanc\u00edas zur\u00fcck im Hafen von Alicante. Dabei handelt es sich um reaktivierte Z\u00fcge aus Madrid-Abro\u00f1igal f\u00fcr die Grupo Boluda sowie eine neue Relation aus Barcelona-Can Tunis f\u00fcr JSV.<\/p>\n\n\n\n<figure><iframe loading=\"lazy\" src=\"https:\/\/www.google.com\/maps\/embed?pb=!1m18!1m12!1m3!1d4194781.347375253!2d-5.662238298153346!3d39.712933899986005!2m3!1f0!2f0!3f0!3m2!1i1024!2i768!4f13.1!3m3!1m2!1s0xd6235da3b9dab4b%3A0x1d7da872ac0b81e3!2sAlicante%2C%20Provinz%20Alicante%2C%20Spanien!5e0!3m2!1sde!2sde!4v1625485638662!5m2!1sde!2sde\" allowfullscreen=\"\" width=\"600\" height=\"450\"><\/iframe><\/figure>\n","protected":false},"excerpt":{"rendered":"<p>Nach neun Monaten ohne Verkehr ist Renfe Mercanc\u00edas zur\u00fcck im Hafen von Alicante. Dabei handelt es sich um reaktivierte Z\u00fcge aus Madrid-Abro\u00f1igal f\u00fcr die Grupo Boluda sowie eine neue Relation aus Barcelona-Can Tunis f\u00fcr JSV.<\/p>\n","protected":false},"author":1,"featured_media":0,"comment_status":"open","ping_status":"open","sticky":false,"template":"","format":"standard","meta":{"footnotes":""},"categories":[32],"tags":[1777,47,1690,199,8],"class_list":["post-19374","post","type-post","status-publish","format-standard","hentry","category-verkehr","tag-grupo-boluda","tag-intermodal","tag-jsv","tag-renfe","tag-spanien"],"_links":{"self":[{"href":"http:\/\/www.railfreight.eu\/dr-ne\/wp-json\/wp\/v2\/posts\/19374","targetHints":{"allow":["GET"]}}],"collection":[{"href":"http:\/\/www.railfreight.eu\/dr-ne\/wp-json\/wp\/v2\/posts"}],"about":[{"href":"http:\/\/www.railfreight.eu\/dr-ne\/wp-json\/wp\/v2\/types\/post"}],"author":[{"embeddable":true,"href":"http:\/\/www.railfreight.eu\/dr-ne\/wp-json\/wp\/v2\/users\/1"}],"replies":[{"embeddable":true,"href":"http:\/\/www.railfreight.eu\/dr-ne\/wp-json\/wp\/v2\/comments?post=19374"}],"version-history":[{"count":4,"href":"http:\/\/www.railfreight.eu\/dr-ne\/wp-json\/wp\/v2\/posts\/19374\/revisions"}],"predecessor-version":[{"id":19378,"href":"http:\/\/www.railfreight.eu\/dr-ne\/wp-json\/wp\/v2\/posts\/19374\/revisions\/19378"}],"wp:attachment":[{"href":"http:\/\/www.railfreight.eu\/dr-ne\/wp-json\/wp\/v2\/media?parent=19374"}],"wp:term":[{"taxonomy":"category","embeddable":true,"href":"http:\/\/www.railfreight.eu\/dr-ne\/wp-json\/wp\/v2\/categories?post=19374"},{"taxonomy":"post_tag","embeddable":true,"href":"http:\/\/www.railfreight.eu\/dr-ne\/wp-json\/wp\/v2\/tags?post=19374"}],"curies":[{"name":"wp","href":"https:\/\/api.w.org\/{rel}","templated":true}]}}