{"id":19476,"date":"2021-07-07T21:19:54","date_gmt":"2021-07-07T19:19:54","guid":{"rendered":"http:\/\/www.railfreight.eu\/dr-ne\/?p=19476"},"modified":"2021-07-09T17:31:17","modified_gmt":"2021-07-09T15:31:17","slug":"veraenderungen-im-vorstand-der-oebb-infrastruktur","status":"publish","type":"post","link":"http:\/\/www.railfreight.eu\/dr-ne\/2021-07-07-veraenderungen-im-vorstand-der-oebb-infrastruktur\/","title":{"rendered":"Ver\u00e4nderungen im Vorstand der \u00d6BB-Infrastruktur"},"content":{"rendered":"\n<p>Der Vorstand der \u00d6BB-Infrastruktur AG ver\u00e4ndert sich leicht: Unver\u00e4ndert im Team bleibt Johann Pluy als Vorstand f\u00fcr Betrieb und Systeme. Silvia Angelo wird f\u00fcr eine weitere Periode wiederbestellt als Vorst\u00e4ndin f\u00fcr Finanzen, Markt und Service. Neu in der F\u00fchrung der \u00d6BB-Infrastruktur ist Judith Engel. Sie folgt Franz Bauer, der mit Jahresende in Pension geht, als Vorst\u00e4ndin f\u00fcr Infrastrukturanlagenbereitstellung mit den Schwerpunkten Neu- und Ausbau von Bahninfrastruktur sowie Instandsetzung und Wartung der Anlagen.<\/p>\n\n\n\n<p>Engel leitet aktuell die Verkehrssektion im  Klimaschutzministerium (BMK) und ist ausgebildete Bauingenieurin. Im  Lauf ihrer Karriere hat sie zahlreiche gro\u00dfe Bauprojekte gef\u00fchrt sowie  Bestandsanlagen gemanagt u.a. beim Flughafen Wien und bei den \u00d6BB als  Projektleiterin f\u00fcr Planung und Bau des Hauptbahnhofs Wiens. <\/p>\n","protected":false},"excerpt":{"rendered":"<p>Der Vorstand der \u00d6BB-Infrastruktur AG ver\u00e4ndert sich leicht: Unver\u00e4ndert im Team bleibt Johann Pluy als Vorstand f\u00fcr Betrieb und Systeme. Silvia Angelo wird f\u00fcr eine weitere Periode wiederbestellt als Vorst\u00e4ndin f\u00fcr Finanzen, Markt und Service. Neu in der F\u00fchrung der \u00d6BB-Infrastruktur ist Judith Engel. Sie folgt Franz Bauer, der mit Jahresende in Pension geht, als &hellip; <\/p>\n<p class=\"link-more\"><a href=\"http:\/\/www.railfreight.eu\/dr-ne\/2021-07-07-veraenderungen-im-vorstand-der-oebb-infrastruktur\/\" class=\"more-link\"><span class=\"screen-reader-text\">\u201eVer\u00e4nderungen im Vorstand der \u00d6BB-Infrastruktur\u201c<\/span> weiterlesen<\/a><\/p>\n","protected":false},"author":1,"featured_media":0,"comment_status":"open","ping_status":"open","sticky":false,"template":"","format":"standard","meta":{"footnotes":""},"categories":[2],"tags":[203,88],"class_list":["post-19476","post","type-post","status-publish","format-standard","hentry","category-personalien","tag-oebb","tag-oesterreich"],"_links":{"self":[{"href":"http:\/\/www.railfreight.eu\/dr-ne\/wp-json\/wp\/v2\/posts\/19476","targetHints":{"allow":["GET"]}}],"collection":[{"href":"http:\/\/www.railfreight.eu\/dr-ne\/wp-json\/wp\/v2\/posts"}],"about":[{"href":"http:\/\/www.railfreight.eu\/dr-ne\/wp-json\/wp\/v2\/types\/post"}],"author":[{"embeddable":true,"href":"http:\/\/www.railfreight.eu\/dr-ne\/wp-json\/wp\/v2\/users\/1"}],"replies":[{"embeddable":true,"href":"http:\/\/www.railfreight.eu\/dr-ne\/wp-json\/wp\/v2\/comments?post=19476"}],"version-history":[{"count":2,"href":"http:\/\/www.railfreight.eu\/dr-ne\/wp-json\/wp\/v2\/posts\/19476\/revisions"}],"predecessor-version":[{"id":19478,"href":"http:\/\/www.railfreight.eu\/dr-ne\/wp-json\/wp\/v2\/posts\/19476\/revisions\/19478"}],"wp:attachment":[{"href":"http:\/\/www.railfreight.eu\/dr-ne\/wp-json\/wp\/v2\/media?parent=19476"}],"wp:term":[{"taxonomy":"category","embeddable":true,"href":"http:\/\/www.railfreight.eu\/dr-ne\/wp-json\/wp\/v2\/categories?post=19476"},{"taxonomy":"post_tag","embeddable":true,"href":"http:\/\/www.railfreight.eu\/dr-ne\/wp-json\/wp\/v2\/tags?post=19476"}],"curies":[{"name":"wp","href":"https:\/\/api.w.org\/{rel}","templated":true}]}}