{"id":20784,"date":"2021-08-27T11:50:17","date_gmt":"2021-08-27T09:50:17","guid":{"rendered":"http:\/\/www.railfreight.eu\/dr-ne\/?p=20784"},"modified":"2021-08-27T11:50:18","modified_gmt":"2021-08-27T09:50:18","slug":"vcoe-preis-fuer-holztransport-auf-schiene","status":"publish","type":"post","link":"http:\/\/www.railfreight.eu\/dr-ne\/2021-08-27-vcoe-preis-fuer-holztransport-auf-schiene\/","title":{"rendered":"VC\u00d6-Preis f\u00fcr Holztransport auf Schiene"},"content":{"rendered":"\n<p>Die im Mai 2021 gestarteten <a href=\"http:\/\/www.railfreight.eu\/dr-ne\/2021\/04\/21\/wieder-gueterverkehr-im-zillertal\/\">Holztransporte der Zillertalbahn<\/a> haben eine Auszeichnung erhalten: Am 26.08.2021 wurde das Projekt mit dem Mobilit\u00e4tspreis der Vereinigung VC\u00d6 &#8211; Mobilit\u00e4t mit Zukunft ausgezeichnet.<\/p>\n\n\n\n<figure class=\"wp-block-image\"><img loading=\"lazy\" decoding=\"async\" width=\"1024\" height=\"576\" src=\"http:\/\/www.railfreight.eu\/dr-ne\/wp-content\/uploads\/2021\/08\/1060813_bigpicture_375516_unbenannt-3-1024x576.jpg\" alt=\"\" class=\"wp-image-20785\" srcset=\"http:\/\/www.railfreight.eu\/dr-ne\/wp-content\/uploads\/2021\/08\/1060813_bigpicture_375516_unbenannt-3-1024x576.jpg 1024w, http:\/\/www.railfreight.eu\/dr-ne\/wp-content\/uploads\/2021\/08\/1060813_bigpicture_375516_unbenannt-3-300x169.jpg 300w, http:\/\/www.railfreight.eu\/dr-ne\/wp-content\/uploads\/2021\/08\/1060813_bigpicture_375516_unbenannt-3-768x432.jpg 768w, http:\/\/www.railfreight.eu\/dr-ne\/wp-content\/uploads\/2021\/08\/1060813_bigpicture_375516_unbenannt-3.jpg 1280w\" sizes=\"auto, (max-width: 767px) 89vw, (max-width: 1000px) 54vw, (max-width: 1071px) 543px, 580px\" \/><figcaption>Michael Schwendinger (VC\u00d6), Helmut Schreiner (Zillertalbahn), LHStvin  Ingrid Felipe, Martin Sigl (Binderholz) und Rene Zumtobel (\u00d6BB). <\/figcaption><\/figure>\n","protected":false},"excerpt":{"rendered":"<p>Die im Mai 2021 gestarteten Holztransporte der Zillertalbahn haben eine Auszeichnung erhalten: Am 26.08.2021 wurde das Projekt mit dem Mobilit\u00e4tspreis der Vereinigung VC\u00d6 &#8211; Mobilit\u00e4t mit Zukunft ausgezeichnet.<\/p>\n","protected":false},"author":1,"featured_media":0,"comment_status":"open","ping_status":"open","sticky":false,"template":"","format":"standard","meta":{"footnotes":""},"categories":[1],"tags":[],"class_list":["post-20784","post","type-post","status-publish","format-standard","hentry","category-allgemein"],"_links":{"self":[{"href":"http:\/\/www.railfreight.eu\/dr-ne\/wp-json\/wp\/v2\/posts\/20784","targetHints":{"allow":["GET"]}}],"collection":[{"href":"http:\/\/www.railfreight.eu\/dr-ne\/wp-json\/wp\/v2\/posts"}],"about":[{"href":"http:\/\/www.railfreight.eu\/dr-ne\/wp-json\/wp\/v2\/types\/post"}],"author":[{"embeddable":true,"href":"http:\/\/www.railfreight.eu\/dr-ne\/wp-json\/wp\/v2\/users\/1"}],"replies":[{"embeddable":true,"href":"http:\/\/www.railfreight.eu\/dr-ne\/wp-json\/wp\/v2\/comments?post=20784"}],"version-history":[{"count":1,"href":"http:\/\/www.railfreight.eu\/dr-ne\/wp-json\/wp\/v2\/posts\/20784\/revisions"}],"predecessor-version":[{"id":20786,"href":"http:\/\/www.railfreight.eu\/dr-ne\/wp-json\/wp\/v2\/posts\/20784\/revisions\/20786"}],"wp:attachment":[{"href":"http:\/\/www.railfreight.eu\/dr-ne\/wp-json\/wp\/v2\/media?parent=20784"}],"wp:term":[{"taxonomy":"category","embeddable":true,"href":"http:\/\/www.railfreight.eu\/dr-ne\/wp-json\/wp\/v2\/categories?post=20784"},{"taxonomy":"post_tag","embeddable":true,"href":"http:\/\/www.railfreight.eu\/dr-ne\/wp-json\/wp\/v2\/tags?post=20784"}],"curies":[{"name":"wp","href":"https:\/\/api.w.org\/{rel}","templated":true}]}}