{"id":20935,"date":"2021-09-01T15:22:04","date_gmt":"2021-09-01T13:22:04","guid":{"rendered":"http:\/\/www.railfreight.eu\/dr-ne\/?p=20935"},"modified":"2021-09-02T10:23:50","modified_gmt":"2021-09-02T08:23:50","slug":"wortmann-als-vdv-praesident-wiedergewaehlt","status":"publish","type":"post","link":"http:\/\/www.railfreight.eu\/dr-ne\/2021-09-01-wortmann-als-vdv-praesident-wiedergewaehlt\/","title":{"rendered":"Wortmann als VDV-Pr\u00e4sident wiedergew\u00e4hlt"},"content":{"rendered":"\n<p>Ingo Wortmann (51) ist am 01.09.2021 auf der au\u00dferordentlichen  Pr\u00e4sidiumssitzung des Verbands Deutscher Verkehrsunternehmen (VDV)  einstimmig und vorzeitig als VDV-Pr\u00e4sident im Amt best\u00e4tigt worden. Er  geht damit in seine zweite Amtszeit an  der Verbandsspitze.  <\/p>\n","protected":false},"excerpt":{"rendered":"<p>Ingo Wortmann (51) ist am 01.09.2021 auf der au\u00dferordentlichen Pr\u00e4sidiumssitzung des Verbands Deutscher Verkehrsunternehmen (VDV) einstimmig und vorzeitig als VDV-Pr\u00e4sident im Amt best\u00e4tigt worden. Er geht damit in seine zweite Amtszeit an der Verbandsspitze.<\/p>\n","protected":false},"author":1,"featured_media":0,"comment_status":"open","ping_status":"open","sticky":false,"template":"","format":"standard","meta":{"footnotes":""},"categories":[2],"tags":[803],"class_list":["post-20935","post","type-post","status-publish","format-standard","hentry","category-personalien","tag-vdv"],"_links":{"self":[{"href":"http:\/\/www.railfreight.eu\/dr-ne\/wp-json\/wp\/v2\/posts\/20935","targetHints":{"allow":["GET"]}}],"collection":[{"href":"http:\/\/www.railfreight.eu\/dr-ne\/wp-json\/wp\/v2\/posts"}],"about":[{"href":"http:\/\/www.railfreight.eu\/dr-ne\/wp-json\/wp\/v2\/types\/post"}],"author":[{"embeddable":true,"href":"http:\/\/www.railfreight.eu\/dr-ne\/wp-json\/wp\/v2\/users\/1"}],"replies":[{"embeddable":true,"href":"http:\/\/www.railfreight.eu\/dr-ne\/wp-json\/wp\/v2\/comments?post=20935"}],"version-history":[{"count":1,"href":"http:\/\/www.railfreight.eu\/dr-ne\/wp-json\/wp\/v2\/posts\/20935\/revisions"}],"predecessor-version":[{"id":20936,"href":"http:\/\/www.railfreight.eu\/dr-ne\/wp-json\/wp\/v2\/posts\/20935\/revisions\/20936"}],"wp:attachment":[{"href":"http:\/\/www.railfreight.eu\/dr-ne\/wp-json\/wp\/v2\/media?parent=20935"}],"wp:term":[{"taxonomy":"category","embeddable":true,"href":"http:\/\/www.railfreight.eu\/dr-ne\/wp-json\/wp\/v2\/categories?post=20935"},{"taxonomy":"post_tag","embeddable":true,"href":"http:\/\/www.railfreight.eu\/dr-ne\/wp-json\/wp\/v2\/tags?post=20935"}],"curies":[{"name":"wp","href":"https:\/\/api.w.org\/{rel}","templated":true}]}}