{"id":21097,"date":"2021-09-09T19:02:31","date_gmt":"2021-09-09T17:02:31","guid":{"rendered":"http:\/\/www.railfreight.eu\/dr-ne\/?p=21097"},"modified":"2021-09-09T20:24:48","modified_gmt":"2021-09-09T18:24:48","slug":"pascal-koch-in-rente","status":"publish","type":"post","link":"http:\/\/www.railfreight.eu\/dr-ne\/2021-09-09-pascal-koch-in-rente\/","title":{"rendered":"Pascal Koch in Rente"},"content":{"rendered":"\n<p>Der Bahnmanager Pascal Koch ist am 01.05.2021 in Rente gegangen. Nach langj\u00e4hrigem Engagement f\u00fcr die G\u00fctersparte der luxemburgischen Staatsbahn CFL war Koch von September 2007 bis Juni 2016 CEO der Ascendos Rail Leasing sowie nach deren \u00dcbernahme durch die Beacon Rail Leasing (BRLL) dort bis Januar 2017 Manager. Von M\u00e4rz 2017 bis April 2021 \u00fcbernahm er bei der Akiem-Tochter mgw Service den Bereich Sales and Market development.<\/p>\n","protected":false},"excerpt":{"rendered":"<p>Der Bahnmanager Pascal Koch ist am 01.05.2021 in Rente gegangen. Nach langj\u00e4hrigem Engagement f\u00fcr die G\u00fctersparte der luxemburgischen Staatsbahn CFL war Koch von September 2007 bis Juni 2016 CEO der Ascendos Rail Leasing sowie nach deren \u00dcbernahme durch die Beacon Rail Leasing (BRLL) dort bis Januar 2017 Manager. Von M\u00e4rz 2017 bis April 2021 \u00fcbernahm &hellip; <\/p>\n<p class=\"link-more\"><a href=\"http:\/\/www.railfreight.eu\/dr-ne\/2021-09-09-pascal-koch-in-rente\/\" class=\"more-link\"><span class=\"screen-reader-text\">\u201ePascal Koch in Rente\u201c<\/span> weiterlesen<\/a><\/p>\n","protected":false},"author":1,"featured_media":0,"comment_status":"open","ping_status":"open","sticky":false,"template":"","format":"standard","meta":{"footnotes":""},"categories":[2],"tags":[],"class_list":["post-21097","post","type-post","status-publish","format-standard","hentry","category-personalien"],"_links":{"self":[{"href":"http:\/\/www.railfreight.eu\/dr-ne\/wp-json\/wp\/v2\/posts\/21097","targetHints":{"allow":["GET"]}}],"collection":[{"href":"http:\/\/www.railfreight.eu\/dr-ne\/wp-json\/wp\/v2\/posts"}],"about":[{"href":"http:\/\/www.railfreight.eu\/dr-ne\/wp-json\/wp\/v2\/types\/post"}],"author":[{"embeddable":true,"href":"http:\/\/www.railfreight.eu\/dr-ne\/wp-json\/wp\/v2\/users\/1"}],"replies":[{"embeddable":true,"href":"http:\/\/www.railfreight.eu\/dr-ne\/wp-json\/wp\/v2\/comments?post=21097"}],"version-history":[{"count":3,"href":"http:\/\/www.railfreight.eu\/dr-ne\/wp-json\/wp\/v2\/posts\/21097\/revisions"}],"predecessor-version":[{"id":21161,"href":"http:\/\/www.railfreight.eu\/dr-ne\/wp-json\/wp\/v2\/posts\/21097\/revisions\/21161"}],"wp:attachment":[{"href":"http:\/\/www.railfreight.eu\/dr-ne\/wp-json\/wp\/v2\/media?parent=21097"}],"wp:term":[{"taxonomy":"category","embeddable":true,"href":"http:\/\/www.railfreight.eu\/dr-ne\/wp-json\/wp\/v2\/categories?post=21097"},{"taxonomy":"post_tag","embeddable":true,"href":"http:\/\/www.railfreight.eu\/dr-ne\/wp-json\/wp\/v2\/tags?post=21097"}],"curies":[{"name":"wp","href":"https:\/\/api.w.org\/{rel}","templated":true}]}}