{"id":21144,"date":"2021-09-09T19:05:29","date_gmt":"2021-09-09T17:05:29","guid":{"rendered":"http:\/\/www.railfreight.eu\/dr-ne\/?p=21144"},"modified":"2021-09-09T19:05:43","modified_gmt":"2021-09-09T17:05:43","slug":"tarifstreit-gdl-setzt-der-db-ultimatum","status":"publish","type":"post","link":"http:\/\/www.railfreight.eu\/dr-ne\/2021-09-09-tarifstreit-gdl-setzt-der-db-ultimatum\/","title":{"rendered":"Tarifstreit: GDL setzt der DB Ultimatum"},"content":{"rendered":"\n<p>\n\u201eWir hatten der Deutschen Bahn (DB) nach dem letzten Ausstand Zeit zum \nNachdenken einger\u00e4umt, doch mir scheint, dass der Bahnvorstand ein \nbisschen lange zum \u00dcberlegen braucht. Wenn nicht bis Anfang n\u00e4chster \nWoche ein verhandlungsf\u00e4higes Angebot vorliegt, beginnt die GDL am \nkommenden Montag mit der Vorbereitung des n\u00e4chsten Arbeitskampfes\u201c, so \nder Bundesvorsitzende der Gewerkschaft Deutscher Lokomotivf\u00fchrer (GDL) \nClaus Weselsky.\n\n<\/p>\n","protected":false},"excerpt":{"rendered":"<p>\u201eWir hatten der Deutschen Bahn (DB) nach dem letzten Ausstand Zeit zum Nachdenken einger\u00e4umt, doch mir scheint, dass der Bahnvorstand ein bisschen lange zum \u00dcberlegen braucht. Wenn nicht bis Anfang n\u00e4chster Woche ein verhandlungsf\u00e4higes Angebot vorliegt, beginnt die GDL am kommenden Montag mit der Vorbereitung des n\u00e4chsten Arbeitskampfes\u201c, so der Bundesvorsitzende der Gewerkschaft Deutscher Lokomotivf\u00fchrer &hellip; <\/p>\n<p class=\"link-more\"><a href=\"http:\/\/www.railfreight.eu\/dr-ne\/2021-09-09-tarifstreit-gdl-setzt-der-db-ultimatum\/\" class=\"more-link\"><span class=\"screen-reader-text\">\u201eTarifstreit: GDL setzt der DB Ultimatum\u201c<\/span> weiterlesen<\/a><\/p>\n","protected":false},"author":1,"featured_media":0,"comment_status":"open","ping_status":"open","sticky":false,"template":"","format":"standard","meta":{"footnotes":""},"categories":[1038],"tags":[42,1686],"class_list":["post-21144","post","type-post","status-publish","format-standard","hentry","category-personal","tag-db-cargo","tag-gdl"],"_links":{"self":[{"href":"http:\/\/www.railfreight.eu\/dr-ne\/wp-json\/wp\/v2\/posts\/21144","targetHints":{"allow":["GET"]}}],"collection":[{"href":"http:\/\/www.railfreight.eu\/dr-ne\/wp-json\/wp\/v2\/posts"}],"about":[{"href":"http:\/\/www.railfreight.eu\/dr-ne\/wp-json\/wp\/v2\/types\/post"}],"author":[{"embeddable":true,"href":"http:\/\/www.railfreight.eu\/dr-ne\/wp-json\/wp\/v2\/users\/1"}],"replies":[{"embeddable":true,"href":"http:\/\/www.railfreight.eu\/dr-ne\/wp-json\/wp\/v2\/comments?post=21144"}],"version-history":[{"count":1,"href":"http:\/\/www.railfreight.eu\/dr-ne\/wp-json\/wp\/v2\/posts\/21144\/revisions"}],"predecessor-version":[{"id":21145,"href":"http:\/\/www.railfreight.eu\/dr-ne\/wp-json\/wp\/v2\/posts\/21144\/revisions\/21145"}],"wp:attachment":[{"href":"http:\/\/www.railfreight.eu\/dr-ne\/wp-json\/wp\/v2\/media?parent=21144"}],"wp:term":[{"taxonomy":"category","embeddable":true,"href":"http:\/\/www.railfreight.eu\/dr-ne\/wp-json\/wp\/v2\/categories?post=21144"},{"taxonomy":"post_tag","embeddable":true,"href":"http:\/\/www.railfreight.eu\/dr-ne\/wp-json\/wp\/v2\/tags?post=21144"}],"curies":[{"name":"wp","href":"https:\/\/api.w.org\/{rel}","templated":true}]}}