{"id":21377,"date":"2021-09-23T21:15:48","date_gmt":"2021-09-23T19:15:48","guid":{"rendered":"http:\/\/www.railfreight.eu\/dr-ne\/?p=21377"},"modified":"2021-09-26T17:08:13","modified_gmt":"2021-09-26T15:08:13","slug":"streckensperrung-karow-malchow","status":"publish","type":"post","link":"http:\/\/www.railfreight.eu\/dr-ne\/2021-09-23-streckensperrung-karow-malchow\/","title":{"rendered":"Streckensperrung Karow &#8211; Malchow"},"content":{"rendered":"\n<p>Von Montag, den 08.11., 07:00 Uhr, bis Donnerstag, den 09.12.2021, 17:00  Uhr, wird der Streckenabschnitt Karow (Meckl) \u2013 Inselstadt Malchow (a) der Regio Infra Nord-Ost (RIN) f\u00fcr den durchgehenden Zugverkehr gesperrt. Grund f\u00fcr die Vollsperrung  ist die Gleiserneuerung des Streckenabschnittes mit den daf\u00fcr  erforderlichen Gleis- und sonstigen Arbeiten. <\/p>\n\n\n\n<p>Eine Umfahrung des gesperrten Streckenabschnitts kann \u00fcber die Strecke  Karow (Meckl) \u2013 Priemerburg angeboten und trassiert werden.  Die G\u00fcterverkehrsstelle Bf Malchow ist aus Richtung Waren (M\u00fcritz)  erreichbar. Die Anschlussbahn Gewerbepark Malchow kann w\u00e4hrend der  Streckensperrung nur in Abstimmung mit der die Arbeiten durchf\u00fchrenden  Gleisbaufirma und nur eingeschr\u00e4nkt (Nutzl\u00e4nge) bzw. mit vorgegebenen  Ladeabschnitten bedient werden. Die Abstimmungen hierzu f\u00fchrt unsere  Netzleitung auf Antrag. Die Kunden der RIN werden um Verst\u00e4ndnis f\u00fcr die  Bauma\u00dfnahme und die daraus ggf. entstehenden Betriebserschwernisse  gebeten.<\/p>\n\n\n\n<p>Weitere Arbeiten werden sich voraussichtlich im Monat Januar 2022 anschlie\u00dfen, um  die Gleiserneuerung abzuschlie\u00dfen; hierzu erfolgen gesonderte  Informationen, nachdem die Technologie festgelegt wurde. <\/p>\n","protected":false},"excerpt":{"rendered":"<p>Von Montag, den 08.11., 07:00 Uhr, bis Donnerstag, den 09.12.2021, 17:00 Uhr, wird der Streckenabschnitt Karow (Meckl) \u2013 Inselstadt Malchow (a) der Regio Infra Nord-Ost (RIN) f\u00fcr den durchgehenden Zugverkehr gesperrt. Grund f\u00fcr die Vollsperrung ist die Gleiserneuerung des Streckenabschnittes mit den daf\u00fcr erforderlichen Gleis- und sonstigen Arbeiten. Eine Umfahrung des gesperrten Streckenabschnitts kann \u00fcber &hellip; <\/p>\n<p class=\"link-more\"><a href=\"http:\/\/www.railfreight.eu\/dr-ne\/2021-09-23-streckensperrung-karow-malchow\/\" class=\"more-link\"><span class=\"screen-reader-text\">\u201eStreckensperrung Karow &#8211; Malchow\u201c<\/span> weiterlesen<\/a><\/p>\n","protected":false},"author":1,"featured_media":0,"comment_status":"open","ping_status":"open","sticky":false,"template":"","format":"standard","meta":{"footnotes":""},"categories":[193],"tags":[],"class_list":["post-21377","post","type-post","status-publish","format-standard","hentry","category-infrastruktur"],"_links":{"self":[{"href":"http:\/\/www.railfreight.eu\/dr-ne\/wp-json\/wp\/v2\/posts\/21377","targetHints":{"allow":["GET"]}}],"collection":[{"href":"http:\/\/www.railfreight.eu\/dr-ne\/wp-json\/wp\/v2\/posts"}],"about":[{"href":"http:\/\/www.railfreight.eu\/dr-ne\/wp-json\/wp\/v2\/types\/post"}],"author":[{"embeddable":true,"href":"http:\/\/www.railfreight.eu\/dr-ne\/wp-json\/wp\/v2\/users\/1"}],"replies":[{"embeddable":true,"href":"http:\/\/www.railfreight.eu\/dr-ne\/wp-json\/wp\/v2\/comments?post=21377"}],"version-history":[{"count":1,"href":"http:\/\/www.railfreight.eu\/dr-ne\/wp-json\/wp\/v2\/posts\/21377\/revisions"}],"predecessor-version":[{"id":21378,"href":"http:\/\/www.railfreight.eu\/dr-ne\/wp-json\/wp\/v2\/posts\/21377\/revisions\/21378"}],"wp:attachment":[{"href":"http:\/\/www.railfreight.eu\/dr-ne\/wp-json\/wp\/v2\/media?parent=21377"}],"wp:term":[{"taxonomy":"category","embeddable":true,"href":"http:\/\/www.railfreight.eu\/dr-ne\/wp-json\/wp\/v2\/categories?post=21377"},{"taxonomy":"post_tag","embeddable":true,"href":"http:\/\/www.railfreight.eu\/dr-ne\/wp-json\/wp\/v2\/tags?post=21377"}],"curies":[{"name":"wp","href":"https:\/\/api.w.org\/{rel}","templated":true}]}}