{"id":21379,"date":"2021-09-23T21:21:27","date_gmt":"2021-09-23T19:21:27","guid":{"rendered":"http:\/\/www.railfreight.eu\/dr-ne\/?p=21379"},"modified":"2021-09-26T17:08:05","modified_gmt":"2021-09-26T15:08:05","slug":"gewerkschaft-vida-stellt-forderungen","status":"publish","type":"post","link":"http:\/\/www.railfreight.eu\/dr-ne\/2021-09-23-gewerkschaft-vida-stellt-forderungen\/","title":{"rendered":"Gewerkschaft vida stellt Forderungen"},"content":{"rendered":"\n<p>Die \u00f6sterreichische Verkehrs- und Dienstleistungsgewerkschaft vida fordert bei den kommenden Kollektivvertragsverhandlungen f\u00fcr die rund 40.000 Besch\u00e4ftigten in den eisenbahnspezifischen Berufen eine \u201ekr\u00e4ftige Erh\u00f6hung der Mindest- und Ist-Geh\u00e4lter\u201c. Zu den anstehenden Sozialpartnerverhandlungen \u00fcber die Gehaltserh\u00f6hungen ab 01.12.2021 kommen bei den Eisenbahner noch Nachverhandlungen f\u00fcr den Zeitraum von 01.01.2021 bis 30.11.2021 hinzu. Das wurde einvernehmlich vereinbart, wenn die Inflation \u2013 wie mittlerweile schon l\u00e4nger der Fall \u2013 1,3 Prozent \u00fcbersteigt.<\/p>\n\n\n\n<p>F\u00fcr  das zweite Halbjahr 2020 haben die Besch\u00e4ftigten in  eisenbahnspezifischen Kollektivvertr\u00e4gen und der AVB (Allgemeinen  Vertragsbedingungen) eine einmalige steuerfreie Corona-Pr\u00e4mie in H\u00f6he  von 250 Euro erhalten. Ab 01.01.2021 wurden die Mindest- und  Ist-L\u00f6hne um 1,3 Prozent, jedoch um mindestens 35 Euro erh\u00f6ht.<\/p>\n","protected":false},"excerpt":{"rendered":"<p>Die \u00f6sterreichische Verkehrs- und Dienstleistungsgewerkschaft vida fordert bei den kommenden Kollektivvertragsverhandlungen f\u00fcr die rund 40.000 Besch\u00e4ftigten in den eisenbahnspezifischen Berufen eine \u201ekr\u00e4ftige Erh\u00f6hung der Mindest- und Ist-Geh\u00e4lter\u201c. Zu den anstehenden Sozialpartnerverhandlungen \u00fcber die Gehaltserh\u00f6hungen ab 01.12.2021 kommen bei den Eisenbahner noch Nachverhandlungen f\u00fcr den Zeitraum von 01.01.2021 bis 30.11.2021 hinzu. Das wurde einvernehmlich vereinbart, wenn &hellip; <\/p>\n<p class=\"link-more\"><a href=\"http:\/\/www.railfreight.eu\/dr-ne\/2021-09-23-gewerkschaft-vida-stellt-forderungen\/\" class=\"more-link\"><span class=\"screen-reader-text\">\u201eGewerkschaft vida stellt Forderungen\u201c<\/span> weiterlesen<\/a><\/p>\n","protected":false},"author":1,"featured_media":0,"comment_status":"open","ping_status":"open","sticky":false,"template":"","format":"standard","meta":{"footnotes":""},"categories":[1038],"tags":[],"class_list":["post-21379","post","type-post","status-publish","format-standard","hentry","category-personal"],"_links":{"self":[{"href":"http:\/\/www.railfreight.eu\/dr-ne\/wp-json\/wp\/v2\/posts\/21379","targetHints":{"allow":["GET"]}}],"collection":[{"href":"http:\/\/www.railfreight.eu\/dr-ne\/wp-json\/wp\/v2\/posts"}],"about":[{"href":"http:\/\/www.railfreight.eu\/dr-ne\/wp-json\/wp\/v2\/types\/post"}],"author":[{"embeddable":true,"href":"http:\/\/www.railfreight.eu\/dr-ne\/wp-json\/wp\/v2\/users\/1"}],"replies":[{"embeddable":true,"href":"http:\/\/www.railfreight.eu\/dr-ne\/wp-json\/wp\/v2\/comments?post=21379"}],"version-history":[{"count":2,"href":"http:\/\/www.railfreight.eu\/dr-ne\/wp-json\/wp\/v2\/posts\/21379\/revisions"}],"predecessor-version":[{"id":21382,"href":"http:\/\/www.railfreight.eu\/dr-ne\/wp-json\/wp\/v2\/posts\/21379\/revisions\/21382"}],"wp:attachment":[{"href":"http:\/\/www.railfreight.eu\/dr-ne\/wp-json\/wp\/v2\/media?parent=21379"}],"wp:term":[{"taxonomy":"category","embeddable":true,"href":"http:\/\/www.railfreight.eu\/dr-ne\/wp-json\/wp\/v2\/categories?post=21379"},{"taxonomy":"post_tag","embeddable":true,"href":"http:\/\/www.railfreight.eu\/dr-ne\/wp-json\/wp\/v2\/tags?post=21379"}],"curies":[{"name":"wp","href":"https:\/\/api.w.org\/{rel}","templated":true}]}}