{"id":21407,"date":"2021-09-26T16:51:39","date_gmt":"2021-09-26T14:51:39","guid":{"rendered":"http:\/\/www.railfreight.eu\/dr-ne\/?p=21407"},"modified":"2021-09-26T17:07:54","modified_gmt":"2021-09-26T15:07:54","slug":"ctl-3-mio-t-mineraloel","status":"publish","type":"post","link":"http:\/\/www.railfreight.eu\/dr-ne\/2021-09-26-ctl-3-mio-t-mineraloel\/","title":{"rendered":"CTL: 3 Mio. t Mineral\u00f6l"},"content":{"rendered":"\n<p>CTL Logistics vermeldet einen neuen Dreijahresvertrag f\u00fcr Mineral\u00f6l- und Chemietransporte. F\u00fcr einen &#8222;der gr\u00f6\u00dften Treibstoffhersteller in Deutschland&#8220; transportiert das Unternehmen 1 Mio. t pro Jahr exklusiv in Deutschland und Polen.<\/p>\n\n\n\n<p>Es ist davon auszugehen dass es sich dabei um die Verl\u00e4ngerung des Ende 2021 auslaufenden Vertrages mit TOTAL handelt.<\/p>\n\n\n\n<figure class=\"wp-block-embed-flickr wp-block-embed is-type-photo is-provider-flickr\"><div class=\"wp-block-embed__wrapper\">\n<a href=\"https:\/\/www.flickr.com\/photos\/132631954@N03\/46866486382\/\"><img loading=\"lazy\" decoding=\"async\" src=\"https:\/\/live.staticflickr.com\/4913\/46866486382_07db25688d.jpg\" alt=\"187 503 Akiem SAS \/ CTL Logistics GmbH | Gro\u00dfkorbetha | Juli 2018\" width=\"500\" height=\"333\" \/><\/a>\n<\/div><figcaption>Quelle: https:\/\/www.flickr.com\/photos\/132631954@N03\/46866486382\/<\/figcaption><\/figure>\n","protected":false},"excerpt":{"rendered":"<p>CTL Logistics vermeldet einen neuen Dreijahresvertrag f\u00fcr Mineral\u00f6l- und Chemietransporte. F\u00fcr einen &#8222;der gr\u00f6\u00dften Treibstoffhersteller in Deutschland&#8220; transportiert das Unternehmen 1 Mio. t pro Jahr exklusiv in Deutschland und Polen. Es ist davon auszugehen dass es sich dabei um die Verl\u00e4ngerung des Ende 2021 auslaufenden Vertrages mit TOTAL handelt.<\/p>\n","protected":false},"author":1,"featured_media":0,"comment_status":"open","ping_status":"open","sticky":false,"template":"","format":"standard","meta":{"footnotes":""},"categories":[32],"tags":[],"class_list":["post-21407","post","type-post","status-publish","format-standard","hentry","category-verkehr"],"_links":{"self":[{"href":"http:\/\/www.railfreight.eu\/dr-ne\/wp-json\/wp\/v2\/posts\/21407","targetHints":{"allow":["GET"]}}],"collection":[{"href":"http:\/\/www.railfreight.eu\/dr-ne\/wp-json\/wp\/v2\/posts"}],"about":[{"href":"http:\/\/www.railfreight.eu\/dr-ne\/wp-json\/wp\/v2\/types\/post"}],"author":[{"embeddable":true,"href":"http:\/\/www.railfreight.eu\/dr-ne\/wp-json\/wp\/v2\/users\/1"}],"replies":[{"embeddable":true,"href":"http:\/\/www.railfreight.eu\/dr-ne\/wp-json\/wp\/v2\/comments?post=21407"}],"version-history":[{"count":1,"href":"http:\/\/www.railfreight.eu\/dr-ne\/wp-json\/wp\/v2\/posts\/21407\/revisions"}],"predecessor-version":[{"id":21408,"href":"http:\/\/www.railfreight.eu\/dr-ne\/wp-json\/wp\/v2\/posts\/21407\/revisions\/21408"}],"wp:attachment":[{"href":"http:\/\/www.railfreight.eu\/dr-ne\/wp-json\/wp\/v2\/media?parent=21407"}],"wp:term":[{"taxonomy":"category","embeddable":true,"href":"http:\/\/www.railfreight.eu\/dr-ne\/wp-json\/wp\/v2\/categories?post=21407"},{"taxonomy":"post_tag","embeddable":true,"href":"http:\/\/www.railfreight.eu\/dr-ne\/wp-json\/wp\/v2\/tags?post=21407"}],"curies":[{"name":"wp","href":"https:\/\/api.w.org\/{rel}","templated":true}]}}