{"id":21412,"date":"2021-09-26T17:07:24","date_gmt":"2021-09-26T15:07:24","guid":{"rendered":"http:\/\/www.railfreight.eu\/dr-ne\/?p=21412"},"modified":"2022-11-07T11:26:35","modified_gmt":"2022-11-07T10:26:35","slug":"ctl-auch-2019-im-plus","status":"publish","type":"post","link":"http:\/\/www.railfreight.eu\/dr-ne\/2021-09-26-ctl-auch-2019-im-plus\/","title":{"rendered":"CTL auch 2019 im Plus"},"content":{"rendered":"\n<p>Die in Berlin ans\u00e4ssige CTL Logistics GmbH kann auch f\u00fcr das Gesch\u00e4ftsjahr 2019 schwarze Zahlen vermelden. Dies offenbart der am 23.09.2021 im Bundesanzeiger publizierte Jahresabschluss.<\/p>\n\n\n\n<p>Der Gesamtumsatz der Gesellschaft ist 2019 gegen\u00fcber dem Vorjahr von 35,543 Mio. EUR auf 25,761 Mio. EUR gesunken. Der Jahresgewinn betr\u00e4gt 511 TEUR (im Vorjahr 931 TEUR Gewinn). <\/p>\n\n\n\n<p>Die Gesellschaft hat 2019  1,896 Mio. Tonnen Fracht transportiertet, was einem Marktanteil von 0,61 % entspricht, und Transportleistungen von 645 Millionen Tonnenkilometern, was 0,50 % des Marktes entspricht. Der Vertrag mit dem wichtigsten Kunden TOTAL Deutschland &#8211; prim\u00e4r geschlossen bis Ende 2015 &#8211; wurde in 2018 um weitere drei Jahre verl\u00e4ngert &#8211; wirkend ab 2019 bis Ende 2021.<\/p>\n\n\n\n<p>Zum 31.12.2019 besch\u00e4ftigte die CTL Logistics GmbH 89 Mitarbeiter &#8211; 17 mehr als im Vorjahr.<\/p>\n\n\n\n<figure class=\"wp-block-embed-flickr wp-block-embed is-type-photo is-provider-flickr\"><div class=\"wp-block-embed__wrapper\">\n<a href=\"https:\/\/www.flickr.com\/photos\/185186292@N05\/51373282996\/\"><img loading=\"lazy\" decoding=\"async\" src=\"https:\/\/live.staticflickr.com\/65535\/51373282996_d574242db8.jpg\" alt=\"CTL 186 266 ;Braschwitz IMG_2021_08_11_9999186 266\" width=\"500\" height=\"333\" \/><\/a>\n<\/div><figcaption>Getreidezug mit CTL-Traktion. Quelle: https:\/\/www.flickr.com\/photos\/185186292@N05\/51373282996\/<\/figcaption><\/figure>\n","protected":false},"excerpt":{"rendered":"<p>Die in Berlin ans\u00e4ssige CTL Logistics GmbH kann auch f\u00fcr das Gesch\u00e4ftsjahr 2019 schwarze Zahlen vermelden. Dies offenbart der am 23.09.2021 im Bundesanzeiger publizierte Jahresabschluss. Der Gesamtumsatz der Gesellschaft ist 2019 gegen\u00fcber dem Vorjahr von 35,543 Mio. EUR auf 25,761 Mio. EUR gesunken. Der Jahresgewinn betr\u00e4gt 511 TEUR (im Vorjahr 931 TEUR Gewinn). Die Gesellschaft &hellip; <\/p>\n<p class=\"link-more\"><a href=\"http:\/\/www.railfreight.eu\/dr-ne\/2021-09-26-ctl-auch-2019-im-plus\/\" class=\"more-link\"><span class=\"screen-reader-text\">\u201eCTL auch 2019 im Plus\u201c<\/span> weiterlesen<\/a><\/p>\n","protected":false},"author":1,"featured_media":0,"comment_status":"open","ping_status":"open","sticky":false,"template":"","format":"standard","meta":{"footnotes":""},"categories":[13],"tags":[883,168],"class_list":["post-21412","post","type-post","status-publish","format-standard","hentry","category-unternehmen","tag-bilanz","tag-ctl-logistics"],"_links":{"self":[{"href":"http:\/\/www.railfreight.eu\/dr-ne\/wp-json\/wp\/v2\/posts\/21412","targetHints":{"allow":["GET"]}}],"collection":[{"href":"http:\/\/www.railfreight.eu\/dr-ne\/wp-json\/wp\/v2\/posts"}],"about":[{"href":"http:\/\/www.railfreight.eu\/dr-ne\/wp-json\/wp\/v2\/types\/post"}],"author":[{"embeddable":true,"href":"http:\/\/www.railfreight.eu\/dr-ne\/wp-json\/wp\/v2\/users\/1"}],"replies":[{"embeddable":true,"href":"http:\/\/www.railfreight.eu\/dr-ne\/wp-json\/wp\/v2\/comments?post=21412"}],"version-history":[{"count":1,"href":"http:\/\/www.railfreight.eu\/dr-ne\/wp-json\/wp\/v2\/posts\/21412\/revisions"}],"predecessor-version":[{"id":21413,"href":"http:\/\/www.railfreight.eu\/dr-ne\/wp-json\/wp\/v2\/posts\/21412\/revisions\/21413"}],"wp:attachment":[{"href":"http:\/\/www.railfreight.eu\/dr-ne\/wp-json\/wp\/v2\/media?parent=21412"}],"wp:term":[{"taxonomy":"category","embeddable":true,"href":"http:\/\/www.railfreight.eu\/dr-ne\/wp-json\/wp\/v2\/categories?post=21412"},{"taxonomy":"post_tag","embeddable":true,"href":"http:\/\/www.railfreight.eu\/dr-ne\/wp-json\/wp\/v2\/tags?post=21412"}],"curies":[{"name":"wp","href":"https:\/\/api.w.org\/{rel}","templated":true}]}}