{"id":21552,"date":"2021-09-23T23:32:29","date_gmt":"2021-09-23T21:32:29","guid":{"rendered":"http:\/\/www.railfreight.eu\/dr-ne\/?p=21552"},"modified":"2021-10-11T20:26:43","modified_gmt":"2021-10-11T18:26:43","slug":"koeln-kornwestheim-verdichtet","status":"publish","type":"post","link":"http:\/\/www.railfreight.eu\/dr-ne\/2021-09-23-koeln-kornwestheim-verdichtet\/","title":{"rendered":"K\u00f6ln \u2013 Kornwestheim verdichtet"},"content":{"rendered":"\n<p>Zum 06.09.2021 hat Kombiverkehr die Frequenz auf der nationalen Verbindung zwischen K\u00f6ln und Kornwestheim in beiden Richtungen erh\u00f6ht und bietet nun einen zus\u00e4tzlichen vierten Rundlauf je Woche auf dieser Relation an.<\/p>\n\n\n\n<figure class=\"wp-block-image\"><img loading=\"lazy\" decoding=\"async\" width=\"800\" height=\"418\" src=\"http:\/\/www.railfreight.eu\/dr-ne\/wp-content\/uploads\/2021\/10\/1633676445087.jpg\" alt=\"\" class=\"wp-image-21554\" srcset=\"http:\/\/www.railfreight.eu\/dr-ne\/wp-content\/uploads\/2021\/10\/1633676445087.jpg 800w, http:\/\/www.railfreight.eu\/dr-ne\/wp-content\/uploads\/2021\/10\/1633676445087-300x157.jpg 300w, http:\/\/www.railfreight.eu\/dr-ne\/wp-content\/uploads\/2021\/10\/1633676445087-768x401.jpg 768w\" sizes=\"auto, (max-width: 767px) 89vw, (max-width: 1000px) 54vw, (max-width: 1071px) 543px, 580px\" \/><figcaption>Grafik: Kombiverkehr<\/figcaption><\/figure>\n\n\n\n<p>Im Zuge dieser Anpassung wurden auch die Abfahrtstage der  Verbindungen K\u00f6ln \u2013 Kornwestheim v.v. und K\u00f6ln \u2013 Ulm v.v. ge\u00e4ndert. Von  K\u00f6ln nach Kornwestheim verkehren die Z\u00fcge montags, dienstags,  donnerstags und freitags. In der Gegenrichtung montags, dienstags,  mittwochs und freitags. Auf der Verbindung von K\u00f6ln nach Ulm besteht das  Angebot dienstags, donnerstags und freitags. Von Ulm Richtung K\u00f6ln  montags, mittwochs und freitags.<br><\/p>\n","protected":false},"excerpt":{"rendered":"<p>Zum 06.09.2021 hat Kombiverkehr die Frequenz auf der nationalen Verbindung zwischen K\u00f6ln und Kornwestheim in beiden Richtungen erh\u00f6ht und bietet nun einen zus\u00e4tzlichen vierten Rundlauf je Woche auf dieser Relation an. Im Zuge dieser Anpassung wurden auch die Abfahrtstage der Verbindungen K\u00f6ln \u2013 Kornwestheim v.v. und K\u00f6ln \u2013 Ulm v.v. ge\u00e4ndert. Von K\u00f6ln nach Kornwestheim &hellip; <\/p>\n<p class=\"link-more\"><a href=\"http:\/\/www.railfreight.eu\/dr-ne\/2021-09-23-koeln-kornwestheim-verdichtet\/\" class=\"more-link\"><span class=\"screen-reader-text\">\u201eK\u00f6ln \u2013 Kornwestheim verdichtet\u201c<\/span> weiterlesen<\/a><\/p>\n","protected":false},"author":1,"featured_media":0,"comment_status":"open","ping_status":"open","sticky":false,"template":"","format":"standard","meta":{"footnotes":""},"categories":[32],"tags":[47,544],"class_list":["post-21552","post","type-post","status-publish","format-standard","hentry","category-verkehr","tag-intermodal","tag-kombiverkehr"],"_links":{"self":[{"href":"http:\/\/www.railfreight.eu\/dr-ne\/wp-json\/wp\/v2\/posts\/21552","targetHints":{"allow":["GET"]}}],"collection":[{"href":"http:\/\/www.railfreight.eu\/dr-ne\/wp-json\/wp\/v2\/posts"}],"about":[{"href":"http:\/\/www.railfreight.eu\/dr-ne\/wp-json\/wp\/v2\/types\/post"}],"author":[{"embeddable":true,"href":"http:\/\/www.railfreight.eu\/dr-ne\/wp-json\/wp\/v2\/users\/1"}],"replies":[{"embeddable":true,"href":"http:\/\/www.railfreight.eu\/dr-ne\/wp-json\/wp\/v2\/comments?post=21552"}],"version-history":[{"count":2,"href":"http:\/\/www.railfreight.eu\/dr-ne\/wp-json\/wp\/v2\/posts\/21552\/revisions"}],"predecessor-version":[{"id":21555,"href":"http:\/\/www.railfreight.eu\/dr-ne\/wp-json\/wp\/v2\/posts\/21552\/revisions\/21555"}],"wp:attachment":[{"href":"http:\/\/www.railfreight.eu\/dr-ne\/wp-json\/wp\/v2\/media?parent=21552"}],"wp:term":[{"taxonomy":"category","embeddable":true,"href":"http:\/\/www.railfreight.eu\/dr-ne\/wp-json\/wp\/v2\/categories?post=21552"},{"taxonomy":"post_tag","embeddable":true,"href":"http:\/\/www.railfreight.eu\/dr-ne\/wp-json\/wp\/v2\/tags?post=21552"}],"curies":[{"name":"wp","href":"https:\/\/api.w.org\/{rel}","templated":true}]}}