{"id":21717,"date":"2021-10-21T21:00:09","date_gmt":"2021-10-21T19:00:09","guid":{"rendered":"http:\/\/www.railfreight.eu\/dr-ne\/?p=21717"},"modified":"2021-10-21T21:00:14","modified_gmt":"2021-10-21T19:00:14","slug":"vorstand-von-pkp-cargo-entlassen","status":"publish","type":"post","link":"http:\/\/www.railfreight.eu\/dr-ne\/2021-10-21-vorstand-von-pkp-cargo-entlassen\/","title":{"rendered":"Vorstand von PKP Cargo entlassen"},"content":{"rendered":"\n<p>Der Aufsichtsrat von PKP Cargo hat am 18.10.2021 den Vorstandsvorsitzenden Czes\u0142aw Warsewicz, den Finanzvorstand Leszek Borowiec, den Betriebsvorstand Witold Bawor und den Handelsvorstand Piotr Wasaty von ihren \u00c4mtern abberufen. Es wird nur noch Zenon Kozendra als Vertreter der Arbeitnehmer im Vorstand verbleiben. Die Gr\u00fcnde f\u00fcr die Entlassungen wurden nicht genannt, k\u00f6nnten aber der wirtschaftlichen Situation der PKP Cargo geschuldet sein. Das Jahr 2020 wurde mit einem Verlust von 224,3 Mio. PLN (ca. 49 Mio. EUR) abgeschlossen, ohne die K\u00fcrzung der Investitionsausgaben und der staatlichen Beihilfen aus dem Anti-Krisen-Schutzschild w\u00e4re er noch h\u00f6her ausgefallen. <\/p>\n\n\n\n<p>Gleichzeitig beschloss der Aufsichtsrat des Unternehmens unter dem Vorsitz von Krzysztof Mami\u0144ski, der auch Pr\u00e4sident der PKP SA ist, interimsweise f\u00fcr einen Zeitraum von bis zu drei Monaten W\u0142adys\u0142aw Szczepkowski zum Vorstandsvorsitzenden zu ernennen. <\/p>\n\n\n\n<p>W\u0142adys\u0142aw Szczepkowski ist ein Mitglied des Aufsichtsrats und war bereits zwischen 2005 und 2007 als CEO von PKP Cargo t\u00e4tig. Danach war zwischen 2010 und 2016 mit Unternehmen der PGNiG-Kapitalgruppe verbunden, von September 2016 bis M\u00e4rz 2017 bei &#8222;Przewozy Regionalne&#8220; (heute Polregio) besch\u00e4ftigt. Seit Anfang M\u00e4rz 2017 ist er bei PKP SA Bevollm\u00e4chtigter des Vorstands f\u00fcr Unternehmensangelegenheiten.<br><\/p>\n","protected":false},"excerpt":{"rendered":"<p>Der Aufsichtsrat von PKP Cargo hat am 18.10.2021 den Vorstandsvorsitzenden Czes\u0142aw Warsewicz, den Finanzvorstand Leszek Borowiec, den Betriebsvorstand Witold Bawor und den Handelsvorstand Piotr Wasaty von ihren \u00c4mtern abberufen. Es wird nur noch Zenon Kozendra als Vertreter der Arbeitnehmer im Vorstand verbleiben. Die Gr\u00fcnde f\u00fcr die Entlassungen wurden nicht genannt, k\u00f6nnten aber der wirtschaftlichen Situation &hellip; <\/p>\n<p class=\"link-more\"><a href=\"http:\/\/www.railfreight.eu\/dr-ne\/2021-10-21-vorstand-von-pkp-cargo-entlassen\/\" class=\"more-link\"><span class=\"screen-reader-text\">\u201eVorstand von PKP Cargo entlassen\u201c<\/span> weiterlesen<\/a><\/p>\n","protected":false},"author":1,"featured_media":0,"comment_status":"open","ping_status":"open","sticky":false,"template":"","format":"standard","meta":{"footnotes":""},"categories":[2],"tags":[103,104],"class_list":["post-21717","post","type-post","status-publish","format-standard","hentry","category-personalien","tag-pkp-cargo","tag-polen"],"_links":{"self":[{"href":"http:\/\/www.railfreight.eu\/dr-ne\/wp-json\/wp\/v2\/posts\/21717","targetHints":{"allow":["GET"]}}],"collection":[{"href":"http:\/\/www.railfreight.eu\/dr-ne\/wp-json\/wp\/v2\/posts"}],"about":[{"href":"http:\/\/www.railfreight.eu\/dr-ne\/wp-json\/wp\/v2\/types\/post"}],"author":[{"embeddable":true,"href":"http:\/\/www.railfreight.eu\/dr-ne\/wp-json\/wp\/v2\/users\/1"}],"replies":[{"embeddable":true,"href":"http:\/\/www.railfreight.eu\/dr-ne\/wp-json\/wp\/v2\/comments?post=21717"}],"version-history":[{"count":1,"href":"http:\/\/www.railfreight.eu\/dr-ne\/wp-json\/wp\/v2\/posts\/21717\/revisions"}],"predecessor-version":[{"id":21718,"href":"http:\/\/www.railfreight.eu\/dr-ne\/wp-json\/wp\/v2\/posts\/21717\/revisions\/21718"}],"wp:attachment":[{"href":"http:\/\/www.railfreight.eu\/dr-ne\/wp-json\/wp\/v2\/media?parent=21717"}],"wp:term":[{"taxonomy":"category","embeddable":true,"href":"http:\/\/www.railfreight.eu\/dr-ne\/wp-json\/wp\/v2\/categories?post=21717"},{"taxonomy":"post_tag","embeddable":true,"href":"http:\/\/www.railfreight.eu\/dr-ne\/wp-json\/wp\/v2\/tags?post=21717"}],"curies":[{"name":"wp","href":"https:\/\/api.w.org\/{rel}","templated":true}]}}