{"id":21735,"date":"2021-10-21T21:24:34","date_gmt":"2021-10-21T19:24:34","guid":{"rendered":"http:\/\/www.railfreight.eu\/dr-ne\/?p=21735"},"modified":"2021-11-02T09:36:48","modified_gmt":"2021-11-02T08:36:48","slug":"neue-verbindung-muenchen-montirone","status":"publish","type":"post","link":"http:\/\/www.railfreight.eu\/dr-ne\/2021-10-21-neue-verbindung-muenchen-montirone\/","title":{"rendered":"Neue Verbindung M\u00fcnchen &#8211; Montirone"},"content":{"rendered":"\n<p>Hupac hat am 07.10.2021 eine neue Intermodalverbindung zwischen M\u00fcnchen-Riem und dem Magli-Terminal in Montirone bei Brescia mit drei w\u00f6chentlichen Hin- und R\u00fcckfahrten eingef\u00fchrt. Die Traktion \u00fcbernimmt Captrain.<\/p>\n\n\n\n<figure class=\"wp-block-image\"><img loading=\"lazy\" decoding=\"async\" width=\"800\" height=\"439\" src=\"http:\/\/www.railfreight.eu\/dr-ne\/wp-content\/uploads\/2021\/10\/1634828622078.jpg\" alt=\"\" class=\"wp-image-21736\" srcset=\"http:\/\/www.railfreight.eu\/dr-ne\/wp-content\/uploads\/2021\/10\/1634828622078.jpg 800w, http:\/\/www.railfreight.eu\/dr-ne\/wp-content\/uploads\/2021\/10\/1634828622078-300x165.jpg 300w, http:\/\/www.railfreight.eu\/dr-ne\/wp-content\/uploads\/2021\/10\/1634828622078-768x421.jpg 768w\" sizes=\"auto, (max-width: 767px) 89vw, (max-width: 1000px) 54vw, (max-width: 1071px) 543px, 580px\" \/><figcaption>Grafik: Hupac<\/figcaption><\/figure>\n","protected":false},"excerpt":{"rendered":"<p>Hupac hat am 07.10.2021 eine neue Intermodalverbindung zwischen M\u00fcnchen-Riem und dem Magli-Terminal in Montirone bei Brescia mit drei w\u00f6chentlichen Hin- und R\u00fcckfahrten eingef\u00fchrt. Die Traktion \u00fcbernimmt Captrain.<\/p>\n","protected":false},"author":1,"featured_media":0,"comment_status":"open","ping_status":"open","sticky":false,"template":"","format":"standard","meta":{"footnotes":""},"categories":[32],"tags":[9,358,47,136,88],"class_list":["post-21735","post","type-post","status-publish","format-standard","hentry","category-verkehr","tag-captrain","tag-hupac","tag-intermodal","tag-italien","tag-oesterreich"],"_links":{"self":[{"href":"http:\/\/www.railfreight.eu\/dr-ne\/wp-json\/wp\/v2\/posts\/21735","targetHints":{"allow":["GET"]}}],"collection":[{"href":"http:\/\/www.railfreight.eu\/dr-ne\/wp-json\/wp\/v2\/posts"}],"about":[{"href":"http:\/\/www.railfreight.eu\/dr-ne\/wp-json\/wp\/v2\/types\/post"}],"author":[{"embeddable":true,"href":"http:\/\/www.railfreight.eu\/dr-ne\/wp-json\/wp\/v2\/users\/1"}],"replies":[{"embeddable":true,"href":"http:\/\/www.railfreight.eu\/dr-ne\/wp-json\/wp\/v2\/comments?post=21735"}],"version-history":[{"count":3,"href":"http:\/\/www.railfreight.eu\/dr-ne\/wp-json\/wp\/v2\/posts\/21735\/revisions"}],"predecessor-version":[{"id":21968,"href":"http:\/\/www.railfreight.eu\/dr-ne\/wp-json\/wp\/v2\/posts\/21735\/revisions\/21968"}],"wp:attachment":[{"href":"http:\/\/www.railfreight.eu\/dr-ne\/wp-json\/wp\/v2\/media?parent=21735"}],"wp:term":[{"taxonomy":"category","embeddable":true,"href":"http:\/\/www.railfreight.eu\/dr-ne\/wp-json\/wp\/v2\/categories?post=21735"},{"taxonomy":"post_tag","embeddable":true,"href":"http:\/\/www.railfreight.eu\/dr-ne\/wp-json\/wp\/v2\/tags?post=21735"}],"curies":[{"name":"wp","href":"https:\/\/api.w.org\/{rel}","templated":true}]}}