{"id":21995,"date":"2021-11-02T21:37:52","date_gmt":"2021-11-02T20:37:52","guid":{"rendered":"http:\/\/www.railfreight.eu\/dr-ne\/?p=21995"},"modified":"2021-11-02T21:38:25","modified_gmt":"2021-11-02T20:38:25","slug":"green-cargo-morin-leitet-sicherheitsabteilung","status":"publish","type":"post","link":"http:\/\/www.railfreight.eu\/dr-ne\/2021-11-02-green-cargo-morin-leitet-sicherheitsabteilung\/","title":{"rendered":"Green Cargo: Morin leitet Sicherheitsabteilung"},"content":{"rendered":"\n<p>Die bisherige Personalstrategin Camilla Morin wurde per 01.11.2021 zur neuen Leiterin der Sicherheitsabteilung von Green Cargo ernannt. Morin besch\u00e4ftigt sich seit 15 Jahren mit Gesch\u00e4ftsentwicklung, Projektmanagement und Ver\u00e4nderungsmanagement in verschiedenen Formen sowohl in der Eisenbahn- als auch in der Luftfahrtindustrie, aber auch als Beraterin unter anderem in der Industrie und der Medizintechnik.<\/p>\n","protected":false},"excerpt":{"rendered":"<p>Die bisherige Personalstrategin Camilla Morin wurde per 01.11.2021 zur neuen Leiterin der Sicherheitsabteilung von Green Cargo ernannt. Morin besch\u00e4ftigt sich seit 15 Jahren mit Gesch\u00e4ftsentwicklung, Projektmanagement und Ver\u00e4nderungsmanagement in verschiedenen Formen sowohl in der Eisenbahn- als auch in der Luftfahrtindustrie, aber auch als Beraterin unter anderem in der Industrie und der Medizintechnik.<\/p>\n","protected":false},"author":1,"featured_media":0,"comment_status":"open","ping_status":"open","sticky":false,"template":"","format":"standard","meta":{"footnotes":""},"categories":[2],"tags":[317,314],"class_list":["post-21995","post","type-post","status-publish","format-standard","hentry","category-personalien","tag-green-cargo","tag-schweden"],"_links":{"self":[{"href":"http:\/\/www.railfreight.eu\/dr-ne\/wp-json\/wp\/v2\/posts\/21995","targetHints":{"allow":["GET"]}}],"collection":[{"href":"http:\/\/www.railfreight.eu\/dr-ne\/wp-json\/wp\/v2\/posts"}],"about":[{"href":"http:\/\/www.railfreight.eu\/dr-ne\/wp-json\/wp\/v2\/types\/post"}],"author":[{"embeddable":true,"href":"http:\/\/www.railfreight.eu\/dr-ne\/wp-json\/wp\/v2\/users\/1"}],"replies":[{"embeddable":true,"href":"http:\/\/www.railfreight.eu\/dr-ne\/wp-json\/wp\/v2\/comments?post=21995"}],"version-history":[{"count":2,"href":"http:\/\/www.railfreight.eu\/dr-ne\/wp-json\/wp\/v2\/posts\/21995\/revisions"}],"predecessor-version":[{"id":21997,"href":"http:\/\/www.railfreight.eu\/dr-ne\/wp-json\/wp\/v2\/posts\/21995\/revisions\/21997"}],"wp:attachment":[{"href":"http:\/\/www.railfreight.eu\/dr-ne\/wp-json\/wp\/v2\/media?parent=21995"}],"wp:term":[{"taxonomy":"category","embeddable":true,"href":"http:\/\/www.railfreight.eu\/dr-ne\/wp-json\/wp\/v2\/categories?post=21995"},{"taxonomy":"post_tag","embeddable":true,"href":"http:\/\/www.railfreight.eu\/dr-ne\/wp-json\/wp\/v2\/tags?post=21995"}],"curies":[{"name":"wp","href":"https:\/\/api.w.org\/{rel}","templated":true}]}}