{"id":22840,"date":"2021-12-13T11:39:30","date_gmt":"2021-12-13T10:39:30","guid":{"rendered":"http:\/\/www.railfreight.eu\/dr-ne\/?p=22840"},"modified":"2021-12-13T11:39:32","modified_gmt":"2021-12-13T10:39:32","slug":"brohltalbahn-hilft-forwardis","status":"publish","type":"post","link":"http:\/\/www.railfreight.eu\/dr-ne\/2021-12-13-brohltalbahn-hilft-forwardis\/","title":{"rendered":"Brohltalbahn hilft Forwardis"},"content":{"rendered":"\n<p>Die Brohltalbahn hat am 09.12.2021 einen Kesselwagenzug zwischen Andernach und Ehrang bespannt. Grund f\u00fcr die au\u00dfergew\u00f6hnliche Bespannung des Forwardis-Zuges nach Frankreich war eine n\u00e4chtliche Streckensperrung mit zeitlicher Verlegung des Zuges sowie aus Umlaufgr\u00fcnden Einbindung der Brohltalbahn f\u00fcr den Laufweg entlang der Mosel.<\/p>\n\n\n\n<figure class=\"wp-block-embed-flickr wp-block-embed is-type-photo is-provider-flickr\"><div class=\"wp-block-embed__wrapper\">\n<a href=\"https:\/\/www.flickr.com\/photos\/145812442@N05\/51738075144\/in\/contacts\/\"><img loading=\"lazy\" decoding=\"async\" src=\"https:\/\/live.staticflickr.com\/65535\/51738075144_aba99093de.jpg\" alt=\"218 396 + 218 450 . Brohltal-Eisenbahn mit CFL Cargo-Zug . 95298 . Schweich Mosel . 09.12.21.\" width=\"500\" height=\"333\" \/><\/a>\n<\/div><figcaption>Quelle: https:\/\/www.flickr.com\/photos\/145812442@N05\/51738075144\/<\/figcaption><\/figure>\n","protected":false},"excerpt":{"rendered":"<p>Die Brohltalbahn hat am 09.12.2021 einen Kesselwagenzug zwischen Andernach und Ehrang bespannt. Grund f\u00fcr die au\u00dfergew\u00f6hnliche Bespannung des Forwardis-Zuges nach Frankreich war eine n\u00e4chtliche Streckensperrung mit zeitlicher Verlegung des Zuges sowie aus Umlaufgr\u00fcnden Einbindung der Brohltalbahn f\u00fcr den Laufweg entlang der Mosel.<\/p>\n","protected":false},"author":1,"featured_media":0,"comment_status":"open","ping_status":"open","sticky":false,"template":"","format":"standard","meta":{"footnotes":""},"categories":[1],"tags":[],"class_list":["post-22840","post","type-post","status-publish","format-standard","hentry","category-allgemein"],"_links":{"self":[{"href":"http:\/\/www.railfreight.eu\/dr-ne\/wp-json\/wp\/v2\/posts\/22840","targetHints":{"allow":["GET"]}}],"collection":[{"href":"http:\/\/www.railfreight.eu\/dr-ne\/wp-json\/wp\/v2\/posts"}],"about":[{"href":"http:\/\/www.railfreight.eu\/dr-ne\/wp-json\/wp\/v2\/types\/post"}],"author":[{"embeddable":true,"href":"http:\/\/www.railfreight.eu\/dr-ne\/wp-json\/wp\/v2\/users\/1"}],"replies":[{"embeddable":true,"href":"http:\/\/www.railfreight.eu\/dr-ne\/wp-json\/wp\/v2\/comments?post=22840"}],"version-history":[{"count":1,"href":"http:\/\/www.railfreight.eu\/dr-ne\/wp-json\/wp\/v2\/posts\/22840\/revisions"}],"predecessor-version":[{"id":22841,"href":"http:\/\/www.railfreight.eu\/dr-ne\/wp-json\/wp\/v2\/posts\/22840\/revisions\/22841"}],"wp:attachment":[{"href":"http:\/\/www.railfreight.eu\/dr-ne\/wp-json\/wp\/v2\/media?parent=22840"}],"wp:term":[{"taxonomy":"category","embeddable":true,"href":"http:\/\/www.railfreight.eu\/dr-ne\/wp-json\/wp\/v2\/categories?post=22840"},{"taxonomy":"post_tag","embeddable":true,"href":"http:\/\/www.railfreight.eu\/dr-ne\/wp-json\/wp\/v2\/tags?post=22840"}],"curies":[{"name":"wp","href":"https:\/\/api.w.org\/{rel}","templated":true}]}}