{"id":23413,"date":"2022-01-03T09:22:12","date_gmt":"2022-01-03T08:22:12","guid":{"rendered":"http:\/\/www.railfreight.eu\/dr-ne\/?p=23413"},"modified":"2022-01-03T09:58:25","modified_gmt":"2022-01-03T08:58:25","slug":"smith-von-railwatch-zu-tx","status":"publish","type":"post","link":"http:\/\/www.railfreight.eu\/dr-ne\/2022-01-03-smith-von-railwatch-zu-tx\/","title":{"rendered":"Smith von RailWatch zu TX"},"content":{"rendered":"\n<p>Christopher Smith ist seit 01.01.2022 neuer Commercial Fleet Manager (Locomotives) bei der TX Logistik. Er folgt dort auf Ahmed Yasin, <a href=\"http:\/\/www.railfreight.eu\/dr-ne\/2021\/04\/27\/tx-bessler-und-yasin-gehen\/\">der das Unternehmen Mitte 2021 verlassen hatte<\/a>.<\/p>\n\n\n\n<p>Zuvor war Smith ab April 2007 f\u00fcr gut zehn Jahre bei Alpha Trains als Fleet Manager (Electric Locomotives), Head of Electric Locomotive Fleet und Senior Project Manager (Locomotives) t\u00e4tig, ehe er im Oktober 2017 zu RailWatch als Manager Vertrieb und Technik bzw. Manager Daten und Technik wechselte. Laut einem Beitrag auf linkedin.com habe er sich &#8222;schon lange f\u00fcr eine T\u00e4tigkeit bei einer G\u00fcterbahn&#8220; interessiert.<\/p>\n","protected":false},"excerpt":{"rendered":"<p>Christopher Smith ist seit 01.01.2022 neuer Commercial Fleet Manager (Locomotives) bei der TX Logistik. Er folgt dort auf Ahmed Yasin, der das Unternehmen Mitte 2021 verlassen hatte. Zuvor war Smith ab April 2007 f\u00fcr gut zehn Jahre bei Alpha Trains als Fleet Manager (Electric Locomotives), Head of Electric Locomotive Fleet und Senior Project Manager (Locomotives) &hellip; <\/p>\n<p class=\"link-more\"><a href=\"http:\/\/www.railfreight.eu\/dr-ne\/2022-01-03-smith-von-railwatch-zu-tx\/\" class=\"more-link\"><span class=\"screen-reader-text\">\u201eSmith von RailWatch zu TX\u201c<\/span> weiterlesen<\/a><\/p>\n","protected":false},"author":1,"featured_media":0,"comment_status":"open","ping_status":"open","sticky":false,"template":"","format":"standard","meta":{"footnotes":""},"categories":[2],"tags":[1628,72],"class_list":["post-23413","post","type-post","status-publish","format-standard","hentry","category-personalien","tag-railwatch","tag-tx-logistik"],"_links":{"self":[{"href":"http:\/\/www.railfreight.eu\/dr-ne\/wp-json\/wp\/v2\/posts\/23413","targetHints":{"allow":["GET"]}}],"collection":[{"href":"http:\/\/www.railfreight.eu\/dr-ne\/wp-json\/wp\/v2\/posts"}],"about":[{"href":"http:\/\/www.railfreight.eu\/dr-ne\/wp-json\/wp\/v2\/types\/post"}],"author":[{"embeddable":true,"href":"http:\/\/www.railfreight.eu\/dr-ne\/wp-json\/wp\/v2\/users\/1"}],"replies":[{"embeddable":true,"href":"http:\/\/www.railfreight.eu\/dr-ne\/wp-json\/wp\/v2\/comments?post=23413"}],"version-history":[{"count":2,"href":"http:\/\/www.railfreight.eu\/dr-ne\/wp-json\/wp\/v2\/posts\/23413\/revisions"}],"predecessor-version":[{"id":23415,"href":"http:\/\/www.railfreight.eu\/dr-ne\/wp-json\/wp\/v2\/posts\/23413\/revisions\/23415"}],"wp:attachment":[{"href":"http:\/\/www.railfreight.eu\/dr-ne\/wp-json\/wp\/v2\/media?parent=23413"}],"wp:term":[{"taxonomy":"category","embeddable":true,"href":"http:\/\/www.railfreight.eu\/dr-ne\/wp-json\/wp\/v2\/categories?post=23413"},{"taxonomy":"post_tag","embeddable":true,"href":"http:\/\/www.railfreight.eu\/dr-ne\/wp-json\/wp\/v2\/tags?post=23413"}],"curies":[{"name":"wp","href":"https:\/\/api.w.org\/{rel}","templated":true}]}}