{"id":24719,"date":"2022-02-01T12:09:41","date_gmt":"2022-02-01T11:09:41","guid":{"rendered":"http:\/\/www.railfreight.eu\/dr-ne\/?p=24719"},"modified":"2022-02-01T12:15:06","modified_gmt":"2022-02-01T11:15:06","slug":"hafen-krefeld-wisotzky-neuer-geschaeftsfuehrer","status":"publish","type":"post","link":"http:\/\/www.railfreight.eu\/dr-ne\/2022-02-01-hafen-krefeld-wisotzky-neuer-geschaeftsfuehrer\/","title":{"rendered":"Hafen Krefeld: Wisotzky neuer Gesch\u00e4ftsf\u00fchrer"},"content":{"rendered":"\n<p>Patrick A.  Wisotzky (45) ist seit 01.02.2022 neuer Gesch\u00e4ftsf\u00fchrer beim Rheinhafen Krefeld neben  Elisabeth Lehnen. Der  Diplom-Kaufmann  tritt die Nachfolge  von Christoph Carnol an, der im September 2021 \u00fcberraschend verstorben war.<\/p>\n\n\n\n<p>Wisotzky war zuvor zehn Jahre bei den Stadtwerken Herne (stwh), seit Januar 2018 als Leiter Planung und Steuerung und f\u00fcr das Unternehmens- und Beteiligungscontrolling verantwortlich. Zudem war er von September 2012 bis Dezember 2017 Gesch\u00e4ftsf\u00fchrer der CTH Container Terminal Herne GmbH.<\/p>\n","protected":false},"excerpt":{"rendered":"<p>Patrick A. Wisotzky (45) ist seit 01.02.2022 neuer Gesch\u00e4ftsf\u00fchrer beim Rheinhafen Krefeld neben Elisabeth Lehnen. Der Diplom-Kaufmann tritt die Nachfolge von Christoph Carnol an, der im September 2021 \u00fcberraschend verstorben war. Wisotzky war zuvor zehn Jahre bei den Stadtwerken Herne (stwh), seit Januar 2018 als Leiter Planung und Steuerung und f\u00fcr das Unternehmens- und Beteiligungscontrolling &hellip; <\/p>\n<p class=\"link-more\"><a href=\"http:\/\/www.railfreight.eu\/dr-ne\/2022-02-01-hafen-krefeld-wisotzky-neuer-geschaeftsfuehrer\/\" class=\"more-link\"><span class=\"screen-reader-text\">\u201eHafen Krefeld: Wisotzky neuer Gesch\u00e4ftsf\u00fchrer\u201c<\/span> weiterlesen<\/a><\/p>\n","protected":false},"author":1,"featured_media":0,"comment_status":"open","ping_status":"open","sticky":false,"template":"","format":"standard","meta":{"footnotes":""},"categories":[2],"tags":[329],"class_list":["post-24719","post","type-post","status-publish","format-standard","hentry","category-personalien","tag-hafen-krefeld"],"_links":{"self":[{"href":"http:\/\/www.railfreight.eu\/dr-ne\/wp-json\/wp\/v2\/posts\/24719","targetHints":{"allow":["GET"]}}],"collection":[{"href":"http:\/\/www.railfreight.eu\/dr-ne\/wp-json\/wp\/v2\/posts"}],"about":[{"href":"http:\/\/www.railfreight.eu\/dr-ne\/wp-json\/wp\/v2\/types\/post"}],"author":[{"embeddable":true,"href":"http:\/\/www.railfreight.eu\/dr-ne\/wp-json\/wp\/v2\/users\/1"}],"replies":[{"embeddable":true,"href":"http:\/\/www.railfreight.eu\/dr-ne\/wp-json\/wp\/v2\/comments?post=24719"}],"version-history":[{"count":3,"href":"http:\/\/www.railfreight.eu\/dr-ne\/wp-json\/wp\/v2\/posts\/24719\/revisions"}],"predecessor-version":[{"id":24723,"href":"http:\/\/www.railfreight.eu\/dr-ne\/wp-json\/wp\/v2\/posts\/24719\/revisions\/24723"}],"wp:attachment":[{"href":"http:\/\/www.railfreight.eu\/dr-ne\/wp-json\/wp\/v2\/media?parent=24719"}],"wp:term":[{"taxonomy":"category","embeddable":true,"href":"http:\/\/www.railfreight.eu\/dr-ne\/wp-json\/wp\/v2\/categories?post=24719"},{"taxonomy":"post_tag","embeddable":true,"href":"http:\/\/www.railfreight.eu\/dr-ne\/wp-json\/wp\/v2\/tags?post=24719"}],"curies":[{"name":"wp","href":"https:\/\/api.w.org\/{rel}","templated":true}]}}