{"id":25272,"date":"2022-02-18T12:25:44","date_gmt":"2022-02-18T11:25:44","guid":{"rendered":"http:\/\/www.railfreight.eu\/dr-ne\/?p=25272"},"modified":"2022-02-21T12:43:39","modified_gmt":"2022-02-21T11:43:39","slug":"lte-germany-friedl-geschaeftsfuehrer","status":"publish","type":"post","link":"http:\/\/www.railfreight.eu\/dr-ne\/2022-02-18-lte-germany-friedl-geschaeftsfuehrer\/","title":{"rendered":"LTE Germany: Friedl Gesch\u00e4ftsf\u00fchrer"},"content":{"rendered":"\n<p>Ab 01.03.2022 \u00fcbernimmt Andreas Friedl (50) als zweiter Gesch\u00e4ftsf\u00fchrer in der  LTE Germany die Bereiche Operations, Fleet und Sales und f\u00fchrt die  Gesch\u00e4fte gemeinsam mit Vera Stratmann (Finanzen, IT, HR). Friedl, bislang Vertriebsleiter in Deutschland, ersetzt  LTE CEO Andreas Mandl in der Gesch\u00e4ftsf\u00fchrung  in Deutschland. <\/p>\n","protected":false},"excerpt":{"rendered":"<p>Ab 01.03.2022 \u00fcbernimmt Andreas Friedl (50) als zweiter Gesch\u00e4ftsf\u00fchrer in der LTE Germany die Bereiche Operations, Fleet und Sales und f\u00fchrt die Gesch\u00e4fte gemeinsam mit Vera Stratmann (Finanzen, IT, HR). Friedl, bislang Vertriebsleiter in Deutschland, ersetzt LTE CEO Andreas Mandl in der Gesch\u00e4ftsf\u00fchrung in Deutschland.<\/p>\n","protected":false},"author":1,"featured_media":0,"comment_status":"open","ping_status":"open","sticky":false,"template":"","format":"standard","meta":{"footnotes":""},"categories":[2],"tags":[87],"class_list":["post-25272","post","type-post","status-publish","format-standard","hentry","category-personalien","tag-lte"],"_links":{"self":[{"href":"http:\/\/www.railfreight.eu\/dr-ne\/wp-json\/wp\/v2\/posts\/25272","targetHints":{"allow":["GET"]}}],"collection":[{"href":"http:\/\/www.railfreight.eu\/dr-ne\/wp-json\/wp\/v2\/posts"}],"about":[{"href":"http:\/\/www.railfreight.eu\/dr-ne\/wp-json\/wp\/v2\/types\/post"}],"author":[{"embeddable":true,"href":"http:\/\/www.railfreight.eu\/dr-ne\/wp-json\/wp\/v2\/users\/1"}],"replies":[{"embeddable":true,"href":"http:\/\/www.railfreight.eu\/dr-ne\/wp-json\/wp\/v2\/comments?post=25272"}],"version-history":[{"count":2,"href":"http:\/\/www.railfreight.eu\/dr-ne\/wp-json\/wp\/v2\/posts\/25272\/revisions"}],"predecessor-version":[{"id":25274,"href":"http:\/\/www.railfreight.eu\/dr-ne\/wp-json\/wp\/v2\/posts\/25272\/revisions\/25274"}],"wp:attachment":[{"href":"http:\/\/www.railfreight.eu\/dr-ne\/wp-json\/wp\/v2\/media?parent=25272"}],"wp:term":[{"taxonomy":"category","embeddable":true,"href":"http:\/\/www.railfreight.eu\/dr-ne\/wp-json\/wp\/v2\/categories?post=25272"},{"taxonomy":"post_tag","embeddable":true,"href":"http:\/\/www.railfreight.eu\/dr-ne\/wp-json\/wp\/v2\/tags?post=25272"}],"curies":[{"name":"wp","href":"https:\/\/api.w.org\/{rel}","templated":true}]}}