{"id":25498,"date":"2022-02-28T11:18:39","date_gmt":"2022-02-28T10:18:39","guid":{"rendered":"http:\/\/www.railfreight.eu\/dr-ne\/?p=25498"},"modified":"2022-03-04T22:02:57","modified_gmt":"2022-03-04T21:02:57","slug":"weitere-vectron-fuer-alpha-trains","status":"publish","type":"post","link":"http:\/\/www.railfreight.eu\/dr-ne\/2022-02-28-weitere-vectron-fuer-alpha-trains\/","title":{"rendered":"Weitere Vectron f\u00fcr Alpha Trains"},"content":{"rendered":"\n<p>K\u00fcrzlich unterzeichnete Alpha Trains einen Rahmenvertrag mit Siemens \u00fcber den Kauf einer nicht n\u00e4her benannten Anzahl neuer Vectron-Lokomotiven. Die Siemens Vectron-Lokomotiven geh\u00f6ren seit \u00fcber f\u00fcnf Jahren zum Portfolio von Alpha Trains. Die Anzahl der Fahrzeuge ist auf mehr als 50 gestiegen. Aus dem Rahmenvertrag hat Alpha Trains bereits Vectron AC f\u00fcr Skandinavien sowie Vectron Dual Mode abgerufen.<\/p>\n","protected":false},"excerpt":{"rendered":"<p>K\u00fcrzlich unterzeichnete Alpha Trains einen Rahmenvertrag mit Siemens \u00fcber den Kauf einer nicht n\u00e4her benannten Anzahl neuer Vectron-Lokomotiven. Die Siemens Vectron-Lokomotiven geh\u00f6ren seit \u00fcber f\u00fcnf Jahren zum Portfolio von Alpha Trains. Die Anzahl der Fahrzeuge ist auf mehr als 50 gestiegen. Aus dem Rahmenvertrag hat Alpha Trains bereits Vectron AC f\u00fcr Skandinavien sowie Vectron Dual &hellip; <\/p>\n<p class=\"link-more\"><a href=\"http:\/\/www.railfreight.eu\/dr-ne\/2022-02-28-weitere-vectron-fuer-alpha-trains\/\" class=\"more-link\"><span class=\"screen-reader-text\">\u201eWeitere Vectron f\u00fcr Alpha Trains\u201c<\/span> weiterlesen<\/a><\/p>\n","protected":false},"author":1,"featured_media":0,"comment_status":"open","ping_status":"open","sticky":false,"template":"","format":"standard","meta":{"footnotes":""},"categories":[5],"tags":[38,41,835],"class_list":["post-25498","post","type-post","status-publish","format-standard","hentry","category-triebfahrzeuge","tag-alpha-trains","tag-vectron","tag-vectron-dual-mode"],"_links":{"self":[{"href":"http:\/\/www.railfreight.eu\/dr-ne\/wp-json\/wp\/v2\/posts\/25498","targetHints":{"allow":["GET"]}}],"collection":[{"href":"http:\/\/www.railfreight.eu\/dr-ne\/wp-json\/wp\/v2\/posts"}],"about":[{"href":"http:\/\/www.railfreight.eu\/dr-ne\/wp-json\/wp\/v2\/types\/post"}],"author":[{"embeddable":true,"href":"http:\/\/www.railfreight.eu\/dr-ne\/wp-json\/wp\/v2\/users\/1"}],"replies":[{"embeddable":true,"href":"http:\/\/www.railfreight.eu\/dr-ne\/wp-json\/wp\/v2\/comments?post=25498"}],"version-history":[{"count":2,"href":"http:\/\/www.railfreight.eu\/dr-ne\/wp-json\/wp\/v2\/posts\/25498\/revisions"}],"predecessor-version":[{"id":25501,"href":"http:\/\/www.railfreight.eu\/dr-ne\/wp-json\/wp\/v2\/posts\/25498\/revisions\/25501"}],"wp:attachment":[{"href":"http:\/\/www.railfreight.eu\/dr-ne\/wp-json\/wp\/v2\/media?parent=25498"}],"wp:term":[{"taxonomy":"category","embeddable":true,"href":"http:\/\/www.railfreight.eu\/dr-ne\/wp-json\/wp\/v2\/categories?post=25498"},{"taxonomy":"post_tag","embeddable":true,"href":"http:\/\/www.railfreight.eu\/dr-ne\/wp-json\/wp\/v2\/tags?post=25498"}],"curies":[{"name":"wp","href":"https:\/\/api.w.org\/{rel}","templated":true}]}}