{"id":25517,"date":"2022-02-28T08:05:56","date_gmt":"2022-02-28T07:05:56","guid":{"rendered":"http:\/\/www.railfreight.eu\/dr-ne\/?p=25517"},"modified":"2022-03-04T22:05:21","modified_gmt":"2022-03-04T21:05:21","slug":"metrans-neues-logo-zum-jubilaeum","status":"publish","type":"post","link":"http:\/\/www.railfreight.eu\/dr-ne\/2022-02-28-metrans-neues-logo-zum-jubilaeum\/","title":{"rendered":"Metrans: Neues Logo zum Jubil\u00e4um"},"content":{"rendered":"\n<p>Der Intermodaloperateur Metrans hat j\u00fcngst ein neues Logo vorgestellt. Da gro\u00dfe Feierlichkeiten zum 30-j\u00e4hrigen Jubil\u00e4um pandemiebedingt verschoben werden mussten plant das Unternehmen eine Auflage im 30+1ten Jahr des Bestehens.<\/p>\n\n\n\n<figure class=\"wp-block-image\"><img loading=\"lazy\" decoding=\"async\" width=\"639\" height=\"304\" src=\"http:\/\/www.railfreight.eu\/dr-ne\/wp-content\/uploads\/2022\/02\/1646037825000.jpg\" alt=\"\" class=\"wp-image-25518\" srcset=\"http:\/\/www.railfreight.eu\/dr-ne\/wp-content\/uploads\/2022\/02\/1646037825000.jpg 639w, http:\/\/www.railfreight.eu\/dr-ne\/wp-content\/uploads\/2022\/02\/1646037825000-300x143.jpg 300w\" sizes=\"auto, (max-width: 639px) 100vw, 639px\" \/><\/figure>\n","protected":false},"excerpt":{"rendered":"<p>Der Intermodaloperateur Metrans hat j\u00fcngst ein neues Logo vorgestellt. Da gro\u00dfe Feierlichkeiten zum 30-j\u00e4hrigen Jubil\u00e4um pandemiebedingt verschoben werden mussten plant das Unternehmen eine Auflage im 30+1ten Jahr des Bestehens.<\/p>\n","protected":false},"author":1,"featured_media":0,"comment_status":"open","ping_status":"open","sticky":false,"template":"","format":"standard","meta":{"footnotes":""},"categories":[13],"tags":[340],"class_list":["post-25517","post","type-post","status-publish","format-standard","hentry","category-unternehmen","tag-metrans"],"_links":{"self":[{"href":"http:\/\/www.railfreight.eu\/dr-ne\/wp-json\/wp\/v2\/posts\/25517","targetHints":{"allow":["GET"]}}],"collection":[{"href":"http:\/\/www.railfreight.eu\/dr-ne\/wp-json\/wp\/v2\/posts"}],"about":[{"href":"http:\/\/www.railfreight.eu\/dr-ne\/wp-json\/wp\/v2\/types\/post"}],"author":[{"embeddable":true,"href":"http:\/\/www.railfreight.eu\/dr-ne\/wp-json\/wp\/v2\/users\/1"}],"replies":[{"embeddable":true,"href":"http:\/\/www.railfreight.eu\/dr-ne\/wp-json\/wp\/v2\/comments?post=25517"}],"version-history":[{"count":1,"href":"http:\/\/www.railfreight.eu\/dr-ne\/wp-json\/wp\/v2\/posts\/25517\/revisions"}],"predecessor-version":[{"id":25522,"href":"http:\/\/www.railfreight.eu\/dr-ne\/wp-json\/wp\/v2\/posts\/25517\/revisions\/25522"}],"wp:attachment":[{"href":"http:\/\/www.railfreight.eu\/dr-ne\/wp-json\/wp\/v2\/media?parent=25517"}],"wp:term":[{"taxonomy":"category","embeddable":true,"href":"http:\/\/www.railfreight.eu\/dr-ne\/wp-json\/wp\/v2\/categories?post=25517"},{"taxonomy":"post_tag","embeddable":true,"href":"http:\/\/www.railfreight.eu\/dr-ne\/wp-json\/wp\/v2\/tags?post=25517"}],"curies":[{"name":"wp","href":"https:\/\/api.w.org\/{rel}","templated":true}]}}