{"id":27335,"date":"2022-05-04T22:53:55","date_gmt":"2022-05-04T20:53:55","guid":{"rendered":"http:\/\/www.railfreight.eu\/dr-ne\/?p=27335"},"modified":"2022-05-06T11:29:52","modified_gmt":"2022-05-06T09:29:52","slug":"sk-eisenbahnverband-protestiert","status":"publish","type":"post","link":"http:\/\/www.railfreight.eu\/dr-ne\/2022-05-04-sk-eisenbahnverband-protestiert\/","title":{"rendered":"SK: Eisenbahnverband protestiert"},"content":{"rendered":"\n<p>Am 03.05.2022 fand in Bratislava eine Protestfahrt der im Verband AROS (Asoci\u00e1cia \u017eelezni\u010dn\u00fdch dopravcov Slovenska) zusammengeschlossenen G\u00fcterbahnen statt. Mit Lokomotiven der Mitgliedsunternehmen wurde eine mit lautem Hupen &#8211; <a href=\"http:\/\/www.railfreight.eu\/dr-ne\/2020\/09\/28\/nee-demozug-am-28-09-2020\/\">analog der NEE-Fahrt in Berlin<\/a> &#8211; begleitete Fahrt von Bratislava-Petr\u017ealka zum Hauptbahnhof der slowakischen Hauptstadt durchgef\u00fchrt. Auf der nachfolgenden Pressekonferenz wurde u.a. auf die schwache Unterst\u00fctzung der Belange der G\u00fcterbahnen durch die Politik sowie die vernachl\u00e4ssigte Infrastruktur hingewiesen.<\/p>\n\n\n\n<figure class=\"wp-block-embed-flickr wp-block-embed is-type-photo is-provider-flickr\"><div class=\"wp-block-embed__wrapper\">\n<a href=\"https:\/\/www.flickr.com\/photos\/184274212@N05\/52053793263\/in\/contacts\/\"><img loading=\"lazy\" decoding=\"async\" src=\"https:\/\/live.staticflickr.com\/65535\/52053793263_2116e144f1.jpg\" alt=\"Pojazdn\u00e1 v\u00fdstavka\" width=\"500\" height=\"333\" \/><\/a>\n<\/div><figcaption>Der Protestzug. Quelle https:\/\/www.flickr.com\/photos\/184274212@N05\/52053793263\/<\/figcaption><\/figure>\n\n\n\n<p>Der Zug verkehrte auf Lizenz der LTE Slovakia und beinhaltete folgende Lokomotiven:<\/p>\n\n\n\n<ul class=\"wp-block-list\"><li>LTE  193 957<\/li><li>Lokorail 240 017 <\/li><li>\u010cD  Cargo 230 084 <\/li><li>ZSSK Cargo 363 096 <\/li><li>CER  Slovakia 365 002 <\/li><li>Retrack Slovakia 210 051 <\/li><li>Metrans 383 416<\/li><li>Railtrans International 242 557 <\/li><li>Prv\u00e1 slovensk\u00e1 \u017eelezni\u010dn\u00e1 193 820 <\/li><\/ul>\n","protected":false},"excerpt":{"rendered":"<p>Am 03.05.2022 fand in Bratislava eine Protestfahrt der im Verband AROS (Asoci\u00e1cia \u017eelezni\u010dn\u00fdch dopravcov Slovenska) zusammengeschlossenen G\u00fcterbahnen statt. Mit Lokomotiven der Mitgliedsunternehmen wurde eine mit lautem Hupen &#8211; analog der NEE-Fahrt in Berlin &#8211; begleitete Fahrt von Bratislava-Petr\u017ealka zum Hauptbahnhof der slowakischen Hauptstadt durchgef\u00fchrt. Auf der nachfolgenden Pressekonferenz wurde u.a. auf die schwache Unterst\u00fctzung der &hellip; <\/p>\n<p class=\"link-more\"><a href=\"http:\/\/www.railfreight.eu\/dr-ne\/2022-05-04-sk-eisenbahnverband-protestiert\/\" class=\"more-link\"><span class=\"screen-reader-text\">\u201eSK: Eisenbahnverband protestiert\u201c<\/span> weiterlesen<\/a><\/p>\n","protected":false},"author":1,"featured_media":0,"comment_status":"open","ping_status":"open","sticky":false,"template":"","format":"standard","meta":{"footnotes":""},"categories":[1],"tags":[],"class_list":["post-27335","post","type-post","status-publish","format-standard","hentry","category-allgemein"],"_links":{"self":[{"href":"http:\/\/www.railfreight.eu\/dr-ne\/wp-json\/wp\/v2\/posts\/27335","targetHints":{"allow":["GET"]}}],"collection":[{"href":"http:\/\/www.railfreight.eu\/dr-ne\/wp-json\/wp\/v2\/posts"}],"about":[{"href":"http:\/\/www.railfreight.eu\/dr-ne\/wp-json\/wp\/v2\/types\/post"}],"author":[{"embeddable":true,"href":"http:\/\/www.railfreight.eu\/dr-ne\/wp-json\/wp\/v2\/users\/1"}],"replies":[{"embeddable":true,"href":"http:\/\/www.railfreight.eu\/dr-ne\/wp-json\/wp\/v2\/comments?post=27335"}],"version-history":[{"count":2,"href":"http:\/\/www.railfreight.eu\/dr-ne\/wp-json\/wp\/v2\/posts\/27335\/revisions"}],"predecessor-version":[{"id":27357,"href":"http:\/\/www.railfreight.eu\/dr-ne\/wp-json\/wp\/v2\/posts\/27335\/revisions\/27357"}],"wp:attachment":[{"href":"http:\/\/www.railfreight.eu\/dr-ne\/wp-json\/wp\/v2\/media?parent=27335"}],"wp:term":[{"taxonomy":"category","embeddable":true,"href":"http:\/\/www.railfreight.eu\/dr-ne\/wp-json\/wp\/v2\/categories?post=27335"},{"taxonomy":"post_tag","embeddable":true,"href":"http:\/\/www.railfreight.eu\/dr-ne\/wp-json\/wp\/v2\/tags?post=27335"}],"curies":[{"name":"wp","href":"https:\/\/api.w.org\/{rel}","templated":true}]}}