{"id":27429,"date":"2022-05-11T14:20:08","date_gmt":"2022-05-11T12:20:08","guid":{"rendered":"http:\/\/www.railfreight.eu\/dr-ne\/?p=27429"},"modified":"2022-05-11T14:20:28","modified_gmt":"2022-05-11T12:20:28","slug":"danemark-alleingang-bzgl-taschenwagen","status":"publish","type":"post","link":"http:\/\/www.railfreight.eu\/dr-ne\/2022-05-11-danemark-alleingang-bzgl-taschenwagen\/","title":{"rendered":"D\u00e4nemark: Alleingang bzgl. Taschenwagen"},"content":{"rendered":"\n<p>Die d\u00e4nische Verkehrsbeh\u00f6rde Trafikstyrelsen wird 2022 eine Verordnung mit nationalen Vorschriften f\u00fcr den Transport von Sattelanh\u00e4ngern auf Taschenwagen erlassen. Eine Arbeitsgruppe der Europ\u00e4ischen Eisenbahnagentur ERA ist nach d\u00e4nischer Einsch\u00e4tzung zu keinem brauchbaren Ergebnis bei der Bewertung der Gefahren w\u00e4hrend des Transports von Sattelanh\u00e4ngern auf Taschenwagen gekommen, so dass D\u00e4nemark sich nun gezwungen sieht, eigene Beschr\u00e4nkungen in Form einer bevorstehenden Exekutivverordnung zu erlassen. Das geht aus einer am 10.05.2022 ver\u00f6ffentlichten Untersuchung des Verkehrsausschusses an das Parlament (Folketing) hervor. Ein Ausschuss kl\u00e4rt derzeit den Umfang und den Inhalt der Anforderungen, einschlie\u00dflich der Frage, ob einige der Anforderungen speziell f\u00fcr die Storeb\u00e6lt-Br\u00fccke oder f\u00fcr die d\u00e4nische Infrastruktur im Allgemeinen gelten werden.<\/p>\n\n\n\n<p>Nach dem Zugungl\u00fcck auf der Storeb\u00e6lt-Br\u00fccke am 02.01.2019 und dem darauffolgenden Zwischenfall an derselben Stelle am 13.01.2021 hat die Europ\u00e4ische Eisenbahnagentur (ERA) eine Arbeitsgruppe unter Beteiligung der europ\u00e4ischen Eisenbahnindustrie eingesetzt, um Empfehlungen f\u00fcr den Transport von Sattelanh\u00e4ngern auf Taschenwagen und Seitenwinden zu erarbeiten. Der Bericht der Arbeitsgruppe wurde am 03.05.2022 auf der Website der ERA ver\u00f6ffentlicht.<\/p>\n","protected":false},"excerpt":{"rendered":"<p>Die d\u00e4nische Verkehrsbeh\u00f6rde Trafikstyrelsen wird 2022 eine Verordnung mit nationalen Vorschriften f\u00fcr den Transport von Sattelanh\u00e4ngern auf Taschenwagen erlassen. Eine Arbeitsgruppe der Europ\u00e4ischen Eisenbahnagentur ERA ist nach d\u00e4nischer Einsch\u00e4tzung zu keinem brauchbaren Ergebnis bei der Bewertung der Gefahren w\u00e4hrend des Transports von Sattelanh\u00e4ngern auf Taschenwagen gekommen, so dass D\u00e4nemark sich nun gezwungen sieht, eigene Beschr\u00e4nkungen &hellip; <\/p>\n<p class=\"link-more\"><a href=\"http:\/\/www.railfreight.eu\/dr-ne\/2022-05-11-danemark-alleingang-bzgl-taschenwagen\/\" class=\"more-link\"><span class=\"screen-reader-text\">\u201eD\u00e4nemark: Alleingang bzgl. Taschenwagen\u201c<\/span> weiterlesen<\/a><\/p>\n","protected":false},"author":1,"featured_media":0,"comment_status":"open","ping_status":"open","sticky":false,"template":"","format":"standard","meta":{"footnotes":""},"categories":[193],"tags":[86,47,2002],"class_list":["post-27429","post","type-post","status-publish","format-standard","hentry","category-infrastruktur","tag-daenemark","tag-intermodal","tag-trafikstyrelsen"],"_links":{"self":[{"href":"http:\/\/www.railfreight.eu\/dr-ne\/wp-json\/wp\/v2\/posts\/27429","targetHints":{"allow":["GET"]}}],"collection":[{"href":"http:\/\/www.railfreight.eu\/dr-ne\/wp-json\/wp\/v2\/posts"}],"about":[{"href":"http:\/\/www.railfreight.eu\/dr-ne\/wp-json\/wp\/v2\/types\/post"}],"author":[{"embeddable":true,"href":"http:\/\/www.railfreight.eu\/dr-ne\/wp-json\/wp\/v2\/users\/1"}],"replies":[{"embeddable":true,"href":"http:\/\/www.railfreight.eu\/dr-ne\/wp-json\/wp\/v2\/comments?post=27429"}],"version-history":[{"count":3,"href":"http:\/\/www.railfreight.eu\/dr-ne\/wp-json\/wp\/v2\/posts\/27429\/revisions"}],"predecessor-version":[{"id":27433,"href":"http:\/\/www.railfreight.eu\/dr-ne\/wp-json\/wp\/v2\/posts\/27429\/revisions\/27433"}],"wp:attachment":[{"href":"http:\/\/www.railfreight.eu\/dr-ne\/wp-json\/wp\/v2\/media?parent=27429"}],"wp:term":[{"taxonomy":"category","embeddable":true,"href":"http:\/\/www.railfreight.eu\/dr-ne\/wp-json\/wp\/v2\/categories?post=27429"},{"taxonomy":"post_tag","embeddable":true,"href":"http:\/\/www.railfreight.eu\/dr-ne\/wp-json\/wp\/v2\/tags?post=27429"}],"curies":[{"name":"wp","href":"https:\/\/api.w.org\/{rel}","templated":true}]}}