{"id":27771,"date":"2022-05-23T15:13:00","date_gmt":"2022-05-23T13:13:00","guid":{"rendered":"http:\/\/www.railfreight.eu\/dr-ne\/?p=27771"},"modified":"2022-05-30T16:09:09","modified_gmt":"2022-05-30T14:09:09","slug":"umschlagterminal-in-falkenhagen-feierlich-eroeffnet","status":"publish","type":"post","link":"http:\/\/www.railfreight.eu\/dr-ne\/2022-05-23-umschlagterminal-in-falkenhagen-feierlich-eroeffnet\/","title":{"rendered":"Umschlagterminal in Falkenhagen feierlich er\u00f6ffnet"},"content":{"rendered":"\n<p>Die TUL agroservice hat am 23.05.2022 den KV-Terminal in Pritzwalk-Falkenhagen <a href=\"http:\/\/www.railfreight.eu\/dr-ne\/2021\/12\/27\/umschlagterminal-in-falkenhagen-wird-erneuert\/\">nach umfassenden Bauma\u00dfnahmen<\/a> in Betrieb  genommen.<\/p>\n\n\n\n<figure class=\"wp-block-image\"><img loading=\"lazy\" decoding=\"async\" width=\"1024\" height=\"535\" src=\"http:\/\/www.railfreight.eu\/dr-ne\/wp-content\/uploads\/2022\/05\/877b98beb51c5bbb4dc2961d26e1a309a047fcb1b3320d303eb7802c2cbc0b60-1024x535.jpg\" alt=\"\" class=\"wp-image-27772\" srcset=\"http:\/\/www.railfreight.eu\/dr-ne\/wp-content\/uploads\/2022\/05\/877b98beb51c5bbb4dc2961d26e1a309a047fcb1b3320d303eb7802c2cbc0b60-1024x535.jpg 1024w, http:\/\/www.railfreight.eu\/dr-ne\/wp-content\/uploads\/2022\/05\/877b98beb51c5bbb4dc2961d26e1a309a047fcb1b3320d303eb7802c2cbc0b60-300x157.jpg 300w, http:\/\/www.railfreight.eu\/dr-ne\/wp-content\/uploads\/2022\/05\/877b98beb51c5bbb4dc2961d26e1a309a047fcb1b3320d303eb7802c2cbc0b60-768x401.jpg 768w, http:\/\/www.railfreight.eu\/dr-ne\/wp-content\/uploads\/2022\/05\/877b98beb51c5bbb4dc2961d26e1a309a047fcb1b3320d303eb7802c2cbc0b60-1320x689.jpg 1320w\" sizes=\"auto, (max-width: 767px) 89vw, (max-width: 1000px) 54vw, (max-width: 1071px) 543px, 580px\" \/><figcaption>Die Ansprachen bei der feierlichen Er\u00f6ffnung des KV-Terminal hielten (v.  l. n. r.) Dr. Ralf B\u00f6hme (Vorstand Deutsche Eisenbahn Service AG),  Infrastrukturstaatssekret\u00e4r Rainer Genilke, Jens Stapelmann  (Gesch\u00e4ftsf\u00fchrer TUL) und Dr. Ronald Thiel (B\u00fcrgermeister Pritzwalk). Foto: TUL<\/figcaption><\/figure>\n\n\n\n<p>\u201eDer\n Standort Falkenhagen hat f\u00fcr uns als Unternehmensgruppe elementare \nBedeutung. Er ist zudem gelebte Praxis unserer Firmenphilosophie\u201c, \ner\u00f6ffnet Dr.\n Ralf B\u00f6hme, Vorstand der Deutschen Eisenbahn Service AG, die \nFeierlichkeiten. \u201eMobilit\u00e4t und Logistik verstehen wir als Einheit. \nDaher sehen wir uns nicht als blo\u00dfen Transporteuer, sondern als \ngesamtheitlichen Logistikdienstleister. Wir haben die gesamte \nLogistikkette\n im Blick. So sind wir als Unternehmensgruppe aufgestellt. &nbsp;Der \nmodernisierte KV-Terminal Falkenhagen f\u00fcr den Containerumschlag \nStra\u00dfe-Schiene, den wir heute in Betrieb nehmen, ist ein wichtiger \nBaustein attraktive Angebote auf der Schiene in dieser Logistikkette.\n Damit st\u00e4rken wir den umweltfreundlichen Verkehrstr\u00e4ger Schiene und die\n Anbindung des l\u00e4ndlichen Raumes\u201c, so Dr. Ralf B\u00f6hme weiter.\n<\/p>\n\n\n\n<p>Infrastrukturstaatssekret\u00e4r  Rainer Genilke: \u201eWir wollen die Verkehrswende in Brandenburg  vorantreiben und investieren in eine bedarfsgerechte  Schieneninfrastruktur. Dazu geh\u00f6rt auch der G\u00fcter- und Warentransport,  den wir auf die Schiene verlagern wollen. Das f\u00fchrt zur Reduzierung der  Transportkosten je Tonne und zur Steigerung der Wettbewerbsf\u00e4higkeit  zu anderen Verkehrstr\u00e4gern. Au\u00dferdem reduziert sich der spezifische  Energieverbrauch, die CO2-Emissionen und die L\u00e4rmemission. Wir brauchen  in allen Landesteilen G\u00fcterumschlagspl\u00e4tze f\u00fcr den kombinierten Verkehr  (KV). Ich freue mich, dass wir mit der F\u00f6rderung  der Sanierung des KV-Terminals in Falkenhagen die Voraussetzungen daf\u00fcr  verbessern konnten.\u201c<\/p>\n\n\n\n<figure class=\"wp-block-image\"><img loading=\"lazy\" decoding=\"async\" width=\"1000\" height=\"670\" src=\"http:\/\/www.railfreight.eu\/dr-ne\/wp-content\/uploads\/2022\/05\/IMG_1605.jpg\" alt=\"\" class=\"wp-image-27784\" srcset=\"http:\/\/www.railfreight.eu\/dr-ne\/wp-content\/uploads\/2022\/05\/IMG_1605.jpg 1000w, http:\/\/www.railfreight.eu\/dr-ne\/wp-content\/uploads\/2022\/05\/IMG_1605-300x201.jpg 300w, http:\/\/www.railfreight.eu\/dr-ne\/wp-content\/uploads\/2022\/05\/IMG_1605-768x515.jpg 768w\" sizes=\"auto, (max-width: 767px) 89vw, (max-width: 1000px) 54vw, (max-width: 1071px) 543px, 580px\" \/><figcaption> Der KV-Terminal wird mit dem Durchschneiden des roten Bandes er\u00f6ffnet. Foto: Karl Arne Richter<\/figcaption><\/figure>\n\n\n\n<p>In  das 6.500 qm gro\u00dfe KV-Terminal wurden insgesamt 1,8 Mio. Euro  investiert. 80% der Bausumme wurde von dem Ministerium f\u00fcr Infrastruktur  und Landesplanung  (MIL) des Landes Brandenburg gef\u00f6rdert. Den restlichen Betrag tr\u00e4gt das Unternehmen alleine.  Mit der Inbetriebnahme des KV-Terminals erweitert die TUL ihre  Umschlagkapazit\u00e4ten vor Ort und sichern ein St\u00fcck weit die  Schienenmobilit\u00e4t im l\u00e4ndlichen Raum. <\/p>\n\n\n\n<figure class=\"wp-block-image\"><img loading=\"lazy\" decoding=\"async\" width=\"1000\" height=\"667\" src=\"http:\/\/www.railfreight.eu\/dr-ne\/wp-content\/uploads\/2022\/05\/IMG_1613.jpg\" alt=\"\" class=\"wp-image-27785\" srcset=\"http:\/\/www.railfreight.eu\/dr-ne\/wp-content\/uploads\/2022\/05\/IMG_1613.jpg 1000w, http:\/\/www.railfreight.eu\/dr-ne\/wp-content\/uploads\/2022\/05\/IMG_1613-300x200.jpg 300w, http:\/\/www.railfreight.eu\/dr-ne\/wp-content\/uploads\/2022\/05\/IMG_1613-768x512.jpg 768w\" sizes=\"auto, (max-width: 767px) 89vw, (max-width: 1000px) 54vw, (max-width: 1071px) 543px, 580px\" \/><figcaption> v. l. n. r.: Dr. Ronald Thiel, Rainer Genilke, Katrin Lange, Dr. Ralf B\u00f6hme, Jens Stapelmann. Foto: Karl Arne Richter<\/figcaption><\/figure>\n\n\n\n<p>Im Rahmen der Umbauarbeiten wurde die alte Bodenplatte entfernt, der Untergrund geebnet und eine neue Bodenplatte inklusive Regenentw\u00e4sserungsanlage gebaut. Der neue Umschlagterminal bietet Platz f\u00fcr 240 40-Fu\u00df-Container oder rund 350 20-Fu\u00df-Container. Diese k\u00f6nne vor Ort kurz f\u00fcr den direkten Umschlag oder alternativ auch langfristig gelagert werden. Technik f\u00fcr die direkte Verladung von LKW auf die Schiene ist vor Ort vorhanden.<\/p>\n\n\n\n<figure class=\"wp-block-image\"><img loading=\"lazy\" decoding=\"async\" width=\"1000\" height=\"749\" src=\"http:\/\/www.railfreight.eu\/dr-ne\/wp-content\/uploads\/2022\/05\/DJI_0066.jpg\" alt=\"\" class=\"wp-image-27788\" srcset=\"http:\/\/www.railfreight.eu\/dr-ne\/wp-content\/uploads\/2022\/05\/DJI_0066.jpg 1000w, http:\/\/www.railfreight.eu\/dr-ne\/wp-content\/uploads\/2022\/05\/DJI_0066-300x225.jpg 300w, http:\/\/www.railfreight.eu\/dr-ne\/wp-content\/uploads\/2022\/05\/DJI_0066-768x575.jpg 768w\" sizes=\"auto, (max-width: 767px) 89vw, (max-width: 1000px) 54vw, (max-width: 1071px) 543px, 580px\" \/><figcaption>Blick auf die Umschlaganlage. Foto: Sammlung railfreight.eu<\/figcaption><\/figure>\n\n\n\n<figure><iframe loading=\"lazy\" src=\"https:\/\/www.google.com\/maps\/embed?pb=!1m18!1m12!1m3!1d1037633.1324701854!2d12.105460835776906!3d53.25250681811238!2m3!1f0!2f0!3f0!3m2!1i1024!2i768!4f13.1!3m3!1m2!1s0x0%3A0x17d7ea9717bd669f!2zNTPCsDEyJzM3LjQiTiAxMsKwMTInNTEuNSJF!5e0!3m2!1sde!2sde!4v1653398365071!5m2!1sde!2sde\" allowfullscreen=\"\" width=\"600\" height=\"450\"><\/iframe><\/figure>\n","protected":false},"excerpt":{"rendered":"<p>Die TUL agroservice hat am 23.05.2022 den KV-Terminal in Pritzwalk-Falkenhagen nach umfassenden Bauma\u00dfnahmen in Betrieb genommen. \u201eDer Standort Falkenhagen hat f\u00fcr uns als Unternehmensgruppe elementare Bedeutung. Er ist zudem gelebte Praxis unserer Firmenphilosophie\u201c, er\u00f6ffnet Dr. Ralf B\u00f6hme, Vorstand der Deutschen Eisenbahn Service AG, die Feierlichkeiten. \u201eMobilit\u00e4t und Logistik verstehen wir als Einheit. Daher sehen wir &hellip; <\/p>\n<p class=\"link-more\"><a href=\"http:\/\/www.railfreight.eu\/dr-ne\/2022-05-23-umschlagterminal-in-falkenhagen-feierlich-eroeffnet\/\" class=\"more-link\"><span class=\"screen-reader-text\">\u201eUmschlagterminal in Falkenhagen feierlich er\u00f6ffnet\u201c<\/span> weiterlesen<\/a><\/p>\n","protected":false},"author":1,"featured_media":0,"comment_status":"open","ping_status":"open","sticky":false,"template":"","format":"standard","meta":{"footnotes":""},"categories":[193],"tags":[47,2190],"class_list":["post-27771","post","type-post","status-publish","format-standard","hentry","category-infrastruktur","tag-intermodal","tag-tul-3"],"_links":{"self":[{"href":"http:\/\/www.railfreight.eu\/dr-ne\/wp-json\/wp\/v2\/posts\/27771","targetHints":{"allow":["GET"]}}],"collection":[{"href":"http:\/\/www.railfreight.eu\/dr-ne\/wp-json\/wp\/v2\/posts"}],"about":[{"href":"http:\/\/www.railfreight.eu\/dr-ne\/wp-json\/wp\/v2\/types\/post"}],"author":[{"embeddable":true,"href":"http:\/\/www.railfreight.eu\/dr-ne\/wp-json\/wp\/v2\/users\/1"}],"replies":[{"embeddable":true,"href":"http:\/\/www.railfreight.eu\/dr-ne\/wp-json\/wp\/v2\/comments?post=27771"}],"version-history":[{"count":4,"href":"http:\/\/www.railfreight.eu\/dr-ne\/wp-json\/wp\/v2\/posts\/27771\/revisions"}],"predecessor-version":[{"id":27789,"href":"http:\/\/www.railfreight.eu\/dr-ne\/wp-json\/wp\/v2\/posts\/27771\/revisions\/27789"}],"wp:attachment":[{"href":"http:\/\/www.railfreight.eu\/dr-ne\/wp-json\/wp\/v2\/media?parent=27771"}],"wp:term":[{"taxonomy":"category","embeddable":true,"href":"http:\/\/www.railfreight.eu\/dr-ne\/wp-json\/wp\/v2\/categories?post=27771"},{"taxonomy":"post_tag","embeddable":true,"href":"http:\/\/www.railfreight.eu\/dr-ne\/wp-json\/wp\/v2\/tags?post=27771"}],"curies":[{"name":"wp","href":"https:\/\/api.w.org\/{rel}","templated":true}]}}