{"id":28107,"date":"2022-06-07T13:28:12","date_gmt":"2022-06-07T11:28:12","guid":{"rendered":"http:\/\/www.railfreight.eu\/dr-ne\/?p=28107"},"modified":"2022-10-26T11:16:46","modified_gmt":"2022-10-26T09:16:46","slug":"zuwachs-auf-der-hafeneisenbahn-bremen","status":"publish","type":"post","link":"http:\/\/www.railfreight.eu\/dr-ne\/2022-06-07-zuwachs-auf-der-hafeneisenbahn-bremen\/","title":{"rendered":"Zuwachs auf der Hafeneisenbahn Bremen"},"content":{"rendered":"\n<p>Erstmals in der Geschichte des Containerhafens wurden im vergangenen Jahr mehr Container \u00fcber die Schiene transportiert als \u00fcber die Stra\u00dfe. Das geht aus dem &#8222;Hafenspiegel 2021&#8220; hervor, der jetzt von der Senatorin f\u00fcr Wissenschaft und H\u00e4fen und der Hafenmanagementgesellschaft bremenports ver\u00f6ffentlicht worden ist. W\u00e4hrend 1,097 Millionen Container auf LKW ihr Ziel erreichten, wurden 1,112 Millionen Container 2021 \u00fcber die Schienen der Bremischen Hafeneisenbahn transportiert.<\/p>\n\n\n\n<p>2021 erreichten 5.945 Schiffe die Hafenanlagen im Land Bremen. Der Gesamtumschlag betrug 69,695 Millionen Tonnen und lag damit um 3 Millionen Tonnen \u00fcber dem Vorjahreswert.<\/p>\n\n\n\n<p>Der Hafenspiegel 2021 kann heruntergeladen werden unter <a rel=\"noreferrer noopener\" href=\"https:\/\/bremenports.de\/wp-content\/uploads\/2022\/05\/2021_Hafenspiegel-DE-1.pdf\" target=\"_blank\">bremenports.de\/wp-content\/uploads\/2022\/05\/2021_Hafenspiegel-DE-1.pdf<\/a><\/p>\n","protected":false},"excerpt":{"rendered":"<p>Erstmals in der Geschichte des Containerhafens wurden im vergangenen Jahr mehr Container \u00fcber die Schiene transportiert als \u00fcber die Stra\u00dfe. Das geht aus dem &#8222;Hafenspiegel 2021&#8220; hervor, der jetzt von der Senatorin f\u00fcr Wissenschaft und H\u00e4fen und der Hafenmanagementgesellschaft bremenports ver\u00f6ffentlicht worden ist. W\u00e4hrend 1,097 Millionen Container auf LKW ihr Ziel erreichten, wurden 1,112 Millionen &hellip; <\/p>\n<p class=\"link-more\"><a href=\"http:\/\/www.railfreight.eu\/dr-ne\/2022-06-07-zuwachs-auf-der-hafeneisenbahn-bremen\/\" class=\"more-link\"><span class=\"screen-reader-text\">\u201eZuwachs auf der Hafeneisenbahn Bremen\u201c<\/span> weiterlesen<\/a><\/p>\n","protected":false},"author":1,"featured_media":0,"comment_status":"open","ping_status":"open","sticky":false,"template":"","format":"standard","meta":{"footnotes":""},"categories":[193],"tags":[883],"class_list":["post-28107","post","type-post","status-publish","format-standard","hentry","category-infrastruktur","tag-bilanz"],"_links":{"self":[{"href":"http:\/\/www.railfreight.eu\/dr-ne\/wp-json\/wp\/v2\/posts\/28107","targetHints":{"allow":["GET"]}}],"collection":[{"href":"http:\/\/www.railfreight.eu\/dr-ne\/wp-json\/wp\/v2\/posts"}],"about":[{"href":"http:\/\/www.railfreight.eu\/dr-ne\/wp-json\/wp\/v2\/types\/post"}],"author":[{"embeddable":true,"href":"http:\/\/www.railfreight.eu\/dr-ne\/wp-json\/wp\/v2\/users\/1"}],"replies":[{"embeddable":true,"href":"http:\/\/www.railfreight.eu\/dr-ne\/wp-json\/wp\/v2\/comments?post=28107"}],"version-history":[{"count":2,"href":"http:\/\/www.railfreight.eu\/dr-ne\/wp-json\/wp\/v2\/posts\/28107\/revisions"}],"predecessor-version":[{"id":28109,"href":"http:\/\/www.railfreight.eu\/dr-ne\/wp-json\/wp\/v2\/posts\/28107\/revisions\/28109"}],"wp:attachment":[{"href":"http:\/\/www.railfreight.eu\/dr-ne\/wp-json\/wp\/v2\/media?parent=28107"}],"wp:term":[{"taxonomy":"category","embeddable":true,"href":"http:\/\/www.railfreight.eu\/dr-ne\/wp-json\/wp\/v2\/categories?post=28107"},{"taxonomy":"post_tag","embeddable":true,"href":"http:\/\/www.railfreight.eu\/dr-ne\/wp-json\/wp\/v2\/tags?post=28107"}],"curies":[{"name":"wp","href":"https:\/\/api.w.org\/{rel}","templated":true}]}}