{"id":30134,"date":"2022-07-03T12:29:00","date_gmt":"2022-07-03T10:29:00","guid":{"rendered":"http:\/\/www.railfreight.eu\/dr-ne\/?p=30134"},"modified":"2022-09-07T10:38:37","modified_gmt":"2022-09-07T08:38:37","slug":"mfd-rail-tritt-gntc-und-vpi-bei","status":"publish","type":"post","link":"http:\/\/www.railfreight.eu\/dr-ne\/2022-07-03-mfd-rail-tritt-gntc-und-vpi-bei\/","title":{"rendered":"MFD Rail tritt gntc und VPI bei"},"content":{"rendered":"\n<p>Der Waggonvermieter MFD Rail ist den Verb\u00e4nden Groupement National des Transports Combin\u00e9s (GNTC; M\u00e4rz 2022) und Verband der G\u00fcterwagenhalter in Deutschland e. V. (VPI; Juni 2022) beigetreten.<\/p>\n\n\n\n<figure class=\"wp-block-image size-full\"><img loading=\"lazy\" decoding=\"async\" width=\"800\" height=\"673\" src=\"http:\/\/www.railfreight.eu\/dr-ne\/wp-content\/uploads\/2022\/08\/1661875603188.jpg\" alt=\"\" class=\"wp-image-30135\" srcset=\"http:\/\/www.railfreight.eu\/dr-ne\/wp-content\/uploads\/2022\/08\/1661875603188.jpg 800w, http:\/\/www.railfreight.eu\/dr-ne\/wp-content\/uploads\/2022\/08\/1661875603188-300x252.jpg 300w, http:\/\/www.railfreight.eu\/dr-ne\/wp-content\/uploads\/2022\/08\/1661875603188-768x646.jpg 768w\" sizes=\"auto, (max-width: 767px) 89vw, (max-width: 1000px) 54vw, (max-width: 1071px) 543px, 580px\" \/><figcaption>Grafik: MFD Rail<\/figcaption><\/figure>\n","protected":false},"excerpt":{"rendered":"<p>Der Waggonvermieter MFD Rail ist den Verb\u00e4nden Groupement National des Transports Combin\u00e9s (GNTC; M\u00e4rz 2022) und Verband der G\u00fcterwagenhalter in Deutschland e. V. (VPI; Juni 2022) beigetreten.<\/p>\n","protected":false},"author":1,"featured_media":0,"comment_status":"open","ping_status":"open","sticky":false,"template":"","format":"standard","meta":{"footnotes":""},"categories":[1061],"tags":[2375,1067,471],"class_list":["post-30134","post","type-post","status-publish","format-standard","hentry","category-politik-verbaende","tag-gntc","tag-mfd-rail","tag-vpi"],"_links":{"self":[{"href":"http:\/\/www.railfreight.eu\/dr-ne\/wp-json\/wp\/v2\/posts\/30134","targetHints":{"allow":["GET"]}}],"collection":[{"href":"http:\/\/www.railfreight.eu\/dr-ne\/wp-json\/wp\/v2\/posts"}],"about":[{"href":"http:\/\/www.railfreight.eu\/dr-ne\/wp-json\/wp\/v2\/types\/post"}],"author":[{"embeddable":true,"href":"http:\/\/www.railfreight.eu\/dr-ne\/wp-json\/wp\/v2\/users\/1"}],"replies":[{"embeddable":true,"href":"http:\/\/www.railfreight.eu\/dr-ne\/wp-json\/wp\/v2\/comments?post=30134"}],"version-history":[{"count":2,"href":"http:\/\/www.railfreight.eu\/dr-ne\/wp-json\/wp\/v2\/posts\/30134\/revisions"}],"predecessor-version":[{"id":30261,"href":"http:\/\/www.railfreight.eu\/dr-ne\/wp-json\/wp\/v2\/posts\/30134\/revisions\/30261"}],"wp:attachment":[{"href":"http:\/\/www.railfreight.eu\/dr-ne\/wp-json\/wp\/v2\/media?parent=30134"}],"wp:term":[{"taxonomy":"category","embeddable":true,"href":"http:\/\/www.railfreight.eu\/dr-ne\/wp-json\/wp\/v2\/categories?post=30134"},{"taxonomy":"post_tag","embeddable":true,"href":"http:\/\/www.railfreight.eu\/dr-ne\/wp-json\/wp\/v2\/tags?post=30134"}],"curies":[{"name":"wp","href":"https:\/\/api.w.org\/{rel}","templated":true}]}}