{"id":30452,"date":"2022-09-14T10:19:00","date_gmt":"2022-09-14T08:19:00","guid":{"rendered":"http:\/\/www.railfreight.eu\/dr-ne\/?p=30452"},"modified":"2022-09-14T11:20:20","modified_gmt":"2022-09-14T09:20:20","slug":"oebb-und-hafen-triest-verstaerken-kooperation","status":"publish","type":"post","link":"http:\/\/www.railfreight.eu\/dr-ne\/2022-09-14-oebb-und-hafen-triest-verstaerken-kooperation\/","title":{"rendered":"\u00d6BB und Hafen Triest verst\u00e4rken Kooperation"},"content":{"rendered":"\n<p>Um G\u00fctertransporte auf die Schiene zu verlagern und den Wirtschaftsstandort K\u00e4rnten noch attraktiver zu machen, wollen die \u00d6BB in enger Zusammenarbeit mit dem Land K\u00e4rnten das Logistik Center Austria S\u00fcd (LCA-S\u00fcd) in F\u00fcrnitz st\u00e4rken und einen Schienen-Zollfreikorridor zwischen Triest und F\u00fcrnitz etablieren.<\/p>\n\n\n\n<p>Mit dem Schienen-Zollfreikorridor soll zuk\u00fcnftig der Hafen Triest entlastet werden. Ein Teil der ankommenden Container sollen k\u00fcnftig, um die Umschlagsh\u00e4ufigkeit weiter zu erh\u00f6hen, in Triest dann direkt ab Schiff auf die Schiene verladen und in F\u00fcrnitz von der Zolldeklaration bearbeitet und danach national und international weiterverteilt werden. Der Gro\u00dfteil der G\u00fctermengen, die am Hafen Triest umgeschlagen werden, sind f\u00fcr die L\u00e4nder \u00d6sterreich, Deutschland, Ungarn und Tschechien bestimmt.<\/p>\n\n\n\n<p>Die bereits jetzt schon mehrmals w\u00f6chentlich zwischen dem Hafen Triest und dem LCA-S\u00fcd verkehrenden Z\u00fcge, k\u00f6nnen mit dem geplanten Schienen-Zollfrei-Korridors mittels Shuttleverkehre ausgebaut werden.<\/p>\n","protected":false},"excerpt":{"rendered":"<p>Um G\u00fctertransporte auf die Schiene zu verlagern und den Wirtschaftsstandort K\u00e4rnten noch attraktiver zu machen, wollen die \u00d6BB in enger Zusammenarbeit mit dem Land K\u00e4rnten das Logistik Center Austria S\u00fcd (LCA-S\u00fcd) in F\u00fcrnitz st\u00e4rken und einen Schienen-Zollfreikorridor zwischen Triest und F\u00fcrnitz etablieren. Mit dem Schienen-Zollfreikorridor soll zuk\u00fcnftig der Hafen Triest entlastet werden. Ein Teil der &hellip; <\/p>\n<p class=\"link-more\"><a href=\"http:\/\/www.railfreight.eu\/dr-ne\/2022-09-14-oebb-und-hafen-triest-verstaerken-kooperation\/\" class=\"more-link\"><span class=\"screen-reader-text\">\u201e\u00d6BB und Hafen Triest verst\u00e4rken Kooperation\u201c<\/span> weiterlesen<\/a><\/p>\n","protected":false},"author":1,"featured_media":0,"comment_status":"open","ping_status":"open","sticky":false,"template":"","format":"standard","meta":{"footnotes":""},"categories":[32],"tags":[],"class_list":["post-30452","post","type-post","status-publish","format-standard","hentry","category-verkehr"],"_links":{"self":[{"href":"http:\/\/www.railfreight.eu\/dr-ne\/wp-json\/wp\/v2\/posts\/30452","targetHints":{"allow":["GET"]}}],"collection":[{"href":"http:\/\/www.railfreight.eu\/dr-ne\/wp-json\/wp\/v2\/posts"}],"about":[{"href":"http:\/\/www.railfreight.eu\/dr-ne\/wp-json\/wp\/v2\/types\/post"}],"author":[{"embeddable":true,"href":"http:\/\/www.railfreight.eu\/dr-ne\/wp-json\/wp\/v2\/users\/1"}],"replies":[{"embeddable":true,"href":"http:\/\/www.railfreight.eu\/dr-ne\/wp-json\/wp\/v2\/comments?post=30452"}],"version-history":[{"count":1,"href":"http:\/\/www.railfreight.eu\/dr-ne\/wp-json\/wp\/v2\/posts\/30452\/revisions"}],"predecessor-version":[{"id":30453,"href":"http:\/\/www.railfreight.eu\/dr-ne\/wp-json\/wp\/v2\/posts\/30452\/revisions\/30453"}],"wp:attachment":[{"href":"http:\/\/www.railfreight.eu\/dr-ne\/wp-json\/wp\/v2\/media?parent=30452"}],"wp:term":[{"taxonomy":"category","embeddable":true,"href":"http:\/\/www.railfreight.eu\/dr-ne\/wp-json\/wp\/v2\/categories?post=30452"},{"taxonomy":"post_tag","embeddable":true,"href":"http:\/\/www.railfreight.eu\/dr-ne\/wp-json\/wp\/v2\/tags?post=30452"}],"curies":[{"name":"wp","href":"https:\/\/api.w.org\/{rel}","templated":true}]}}