{"id":30696,"date":"2022-09-26T09:36:41","date_gmt":"2022-09-26T07:36:41","guid":{"rendered":"http:\/\/www.railfreight.eu\/dr-ne\/?p=30696"},"modified":"2022-09-26T09:36:42","modified_gmt":"2022-09-26T07:36:42","slug":"oesterreich-gewerkschaft-fordert-lohnerhoehungen","status":"publish","type":"post","link":"http:\/\/www.railfreight.eu\/dr-ne\/2022-09-26-oesterreich-gewerkschaft-fordert-lohnerhoehungen\/","title":{"rendered":"\u00d6sterreich: Gewerkschaft fordert Lohnerh\u00f6hungen"},"content":{"rendered":"\n<p>Die \u00f6sterreichische Gewerkschaft vida hat am 23.09.2022 in Innsbruck ihre Gehaltsforderungen f\u00fcr die EisenbahnerInnen an den zust\u00e4ndigen Obmann des Fachverbands Schienenbahnen in der Wirtschaftskammer \u00d6sterreich (WK\u00d6), Thomas Scheiber, \u00fcbergeben. Im Rahmen ihrer aufgrund der seit Monaten explodierenden Energie-, Treibstoff- und Konsumpreise in den Herbst vorgezogenen Lohnverhandlungen fordert die vida eine Erh\u00f6hung von 500 EUR im Monat auf die KV- und Ist-L\u00f6hne f\u00fcr die 50.000 Besch\u00e4ftigten in den Eisenbahnberufen. Zudem fordert die Gewerkschaft eine Erh\u00f6hung der Zulagen um die rollierende Inflation sowie ein Plus von 250 EUR im Monat auf die Lehrlingseinkommen. <\/p>\n\n\n\n<p>Die vida-Forderungen f\u00fcr eisenbahnspezifische Berufe im Detail:<\/p>\n\n\n\n<ul class=\"wp-block-list\"><li>500 EUR monatlich mehr auf alle KV- und Ist-L\u00f6hne<\/li><li>Sollte die rollierende Inflation der letzten 12 Monate einen h\u00f6heren Betrag als 500 EUR ergeben, so kommt dieser zur Anwendung (Berechnung je nach Abschlussmonat)<\/li><li>Zulagenerh\u00f6hung in H\u00f6he der rollierenden Inflation (Berechnung je nach Abschlussmonat)<\/li><li>Lehrlingspaket: 250 EUR monatlich mehr auf die Lehrlingseinkommen<\/li><\/ul>\n","protected":false},"excerpt":{"rendered":"<p>Die \u00f6sterreichische Gewerkschaft vida hat am 23.09.2022 in Innsbruck ihre Gehaltsforderungen f\u00fcr die EisenbahnerInnen an den zust\u00e4ndigen Obmann des Fachverbands Schienenbahnen in der Wirtschaftskammer \u00d6sterreich (WK\u00d6), Thomas Scheiber, \u00fcbergeben. Im Rahmen ihrer aufgrund der seit Monaten explodierenden Energie-, Treibstoff- und Konsumpreise in den Herbst vorgezogenen Lohnverhandlungen fordert die vida eine Erh\u00f6hung von 500 EUR im &hellip; <\/p>\n<p class=\"link-more\"><a href=\"http:\/\/www.railfreight.eu\/dr-ne\/2022-09-26-oesterreich-gewerkschaft-fordert-lohnerhoehungen\/\" class=\"more-link\"><span class=\"screen-reader-text\">\u201e\u00d6sterreich: Gewerkschaft fordert Lohnerh\u00f6hungen\u201c<\/span> weiterlesen<\/a><\/p>\n","protected":false},"author":1,"featured_media":0,"comment_status":"open","ping_status":"open","sticky":false,"template":"","format":"standard","meta":{"footnotes":""},"categories":[1038],"tags":[],"class_list":["post-30696","post","type-post","status-publish","format-standard","hentry","category-personal"],"_links":{"self":[{"href":"http:\/\/www.railfreight.eu\/dr-ne\/wp-json\/wp\/v2\/posts\/30696","targetHints":{"allow":["GET"]}}],"collection":[{"href":"http:\/\/www.railfreight.eu\/dr-ne\/wp-json\/wp\/v2\/posts"}],"about":[{"href":"http:\/\/www.railfreight.eu\/dr-ne\/wp-json\/wp\/v2\/types\/post"}],"author":[{"embeddable":true,"href":"http:\/\/www.railfreight.eu\/dr-ne\/wp-json\/wp\/v2\/users\/1"}],"replies":[{"embeddable":true,"href":"http:\/\/www.railfreight.eu\/dr-ne\/wp-json\/wp\/v2\/comments?post=30696"}],"version-history":[{"count":1,"href":"http:\/\/www.railfreight.eu\/dr-ne\/wp-json\/wp\/v2\/posts\/30696\/revisions"}],"predecessor-version":[{"id":30697,"href":"http:\/\/www.railfreight.eu\/dr-ne\/wp-json\/wp\/v2\/posts\/30696\/revisions\/30697"}],"wp:attachment":[{"href":"http:\/\/www.railfreight.eu\/dr-ne\/wp-json\/wp\/v2\/media?parent=30696"}],"wp:term":[{"taxonomy":"category","embeddable":true,"href":"http:\/\/www.railfreight.eu\/dr-ne\/wp-json\/wp\/v2\/categories?post=30696"},{"taxonomy":"post_tag","embeddable":true,"href":"http:\/\/www.railfreight.eu\/dr-ne\/wp-json\/wp\/v2\/tags?post=30696"}],"curies":[{"name":"wp","href":"https:\/\/api.w.org\/{rel}","templated":true}]}}