{"id":30993,"date":"2022-10-11T17:02:27","date_gmt":"2022-10-11T15:02:27","guid":{"rendered":"http:\/\/www.railfreight.eu\/dr-ne\/?p=30993"},"modified":"2022-10-16T22:27:31","modified_gmt":"2022-10-16T20:27:31","slug":"akiem-traxx-ms-bei-cd-cargo","status":"publish","type":"post","link":"http:\/\/www.railfreight.eu\/dr-ne\/2022-10-11-akiem-traxx-ms-bei-cd-cargo\/","title":{"rendered":"Akiem-TRAXX MS bei \u010cD Cargo"},"content":{"rendered":"\n<p>Mit 186 367 (zuvor RegioJet) und 186 371 (zuvor PKP Cargo) hat Akiem im September 2022 zwei Bombardier TRAXX F140 MS bei \u010cD Cargo platziert. Es handelt sich dabei um einen langfristigen Vertrag mit &#8222;maximal drei Loks&#8220;. Die tschechische G\u00fcterbahn f\u00fchrt elf eigene TRAXX MS3 im Bestand und hat neun weitere Loks geordert.<\/p>\n\n\n\n<figure class=\"wp-block-embed is-type-photo is-provider-flickr wp-block-embed-flickr\"><div class=\"wp-block-embed__wrapper\">\n<a href=\"https:\/\/www.flickr.com\/photos\/vaskovyvlaky\/52416089895\/\"><img loading=\"lazy\" decoding=\"async\" src=\"https:\/\/live.staticflickr.com\/65535\/52416089895_392472b631.jpg\" alt=\"Lokomotiva 186.371 s vlakem NEx 60050 (Ostrava hln - Praha Male\u0161ice) p\u0159ij\u00ed\u017ed\u00ed do Olomouce v noci\" width=\"500\" height=\"333\" \/><\/a>\n<\/div><figcaption>Akiem \/ \u010cD Cargo 186 371 am 07.10.2022 in Olomouc. Quelle: https:\/\/www.flickr.com\/photos\/vaskovyvlaky\/52416089895\/<\/figcaption><\/figure>\n","protected":false},"excerpt":{"rendered":"<p>Mit 186 367 (zuvor RegioJet) und 186 371 (zuvor PKP Cargo) hat Akiem im September 2022 zwei Bombardier TRAXX F140 MS bei \u010cD Cargo platziert. Es handelt sich dabei um einen langfristigen Vertrag mit &#8222;maximal drei Loks&#8220;. Die tschechische G\u00fcterbahn f\u00fchrt elf eigene TRAXX MS3 im Bestand und hat neun weitere Loks geordert.<\/p>\n","protected":false},"author":1,"featured_media":0,"comment_status":"open","ping_status":"open","sticky":false,"template":"","format":"standard","meta":{"footnotes":""},"categories":[5],"tags":[122,326,56,129],"class_list":["post-30993","post","type-post","status-publish","format-standard","hentry","category-triebfahrzeuge","tag-akiem","tag-cd-cargo","tag-traxx","tag-tschechien"],"_links":{"self":[{"href":"http:\/\/www.railfreight.eu\/dr-ne\/wp-json\/wp\/v2\/posts\/30993","targetHints":{"allow":["GET"]}}],"collection":[{"href":"http:\/\/www.railfreight.eu\/dr-ne\/wp-json\/wp\/v2\/posts"}],"about":[{"href":"http:\/\/www.railfreight.eu\/dr-ne\/wp-json\/wp\/v2\/types\/post"}],"author":[{"embeddable":true,"href":"http:\/\/www.railfreight.eu\/dr-ne\/wp-json\/wp\/v2\/users\/1"}],"replies":[{"embeddable":true,"href":"http:\/\/www.railfreight.eu\/dr-ne\/wp-json\/wp\/v2\/comments?post=30993"}],"version-history":[{"count":3,"href":"http:\/\/www.railfreight.eu\/dr-ne\/wp-json\/wp\/v2\/posts\/30993\/revisions"}],"predecessor-version":[{"id":31143,"href":"http:\/\/www.railfreight.eu\/dr-ne\/wp-json\/wp\/v2\/posts\/30993\/revisions\/31143"}],"wp:attachment":[{"href":"http:\/\/www.railfreight.eu\/dr-ne\/wp-json\/wp\/v2\/media?parent=30993"}],"wp:term":[{"taxonomy":"category","embeddable":true,"href":"http:\/\/www.railfreight.eu\/dr-ne\/wp-json\/wp\/v2\/categories?post=30993"},{"taxonomy":"post_tag","embeddable":true,"href":"http:\/\/www.railfreight.eu\/dr-ne\/wp-json\/wp\/v2\/tags?post=30993"}],"curies":[{"name":"wp","href":"https:\/\/api.w.org\/{rel}","templated":true}]}}