{"id":31305,"date":"2022-10-25T12:39:21","date_gmt":"2022-10-25T10:39:21","guid":{"rendered":"http:\/\/www.railfreight.eu\/dr-ne\/?p=31305"},"modified":"2022-10-25T12:39:21","modified_gmt":"2022-10-25T10:39:21","slug":"dahlmann-resing-zum-vdv-vizepraesidenten-gewaehlt","status":"publish","type":"post","link":"http:\/\/www.railfreight.eu\/dr-ne\/2022-10-25-dahlmann-resing-zum-vdv-vizepraesidenten-gewaehlt\/","title":{"rendered":"Dahlmann-Resing zum VDV-Vizepr\u00e4sidenten gew\u00e4hlt"},"content":{"rendered":"\n<p>VDV-Pr\u00e4sidiumsmitglied Tim Dahlmann-Resing, Vorstand der VAG Verkehrs-Aktiengesellschaft N\u00fcrnberg und langj\u00e4hriger Vorsitzender des Allgemeinen Ausschuss f\u00fcr Planung, wurde am 25.10.2022 einstimmig zum Vorsitzenden des Verwaltungsrates TRAM und zum VDV-Vizepr\u00e4sidenten gew\u00e4hlt. Dahlmann-Resing folgt VDV-Vizepr\u00e4sident Hubert Jung, der seit Oktober 2016 dem Verwaltungsrat TRAM vorstand.<\/p>\n","protected":false},"excerpt":{"rendered":"<p>VDV-Pr\u00e4sidiumsmitglied Tim Dahlmann-Resing, Vorstand der VAG Verkehrs-Aktiengesellschaft N\u00fcrnberg und langj\u00e4hriger Vorsitzender des Allgemeinen Ausschuss f\u00fcr Planung, wurde am 25.10.2022 einstimmig zum Vorsitzenden des Verwaltungsrates TRAM und zum VDV-Vizepr\u00e4sidenten gew\u00e4hlt. Dahlmann-Resing folgt VDV-Vizepr\u00e4sident Hubert Jung, der seit Oktober 2016 dem Verwaltungsrat TRAM vorstand.<\/p>\n","protected":false},"author":1,"featured_media":0,"comment_status":"open","ping_status":"open","sticky":false,"template":"","format":"standard","meta":{"footnotes":""},"categories":[2],"tags":[803],"class_list":["post-31305","post","type-post","status-publish","format-standard","hentry","category-personalien","tag-vdv"],"_links":{"self":[{"href":"http:\/\/www.railfreight.eu\/dr-ne\/wp-json\/wp\/v2\/posts\/31305","targetHints":{"allow":["GET"]}}],"collection":[{"href":"http:\/\/www.railfreight.eu\/dr-ne\/wp-json\/wp\/v2\/posts"}],"about":[{"href":"http:\/\/www.railfreight.eu\/dr-ne\/wp-json\/wp\/v2\/types\/post"}],"author":[{"embeddable":true,"href":"http:\/\/www.railfreight.eu\/dr-ne\/wp-json\/wp\/v2\/users\/1"}],"replies":[{"embeddable":true,"href":"http:\/\/www.railfreight.eu\/dr-ne\/wp-json\/wp\/v2\/comments?post=31305"}],"version-history":[{"count":1,"href":"http:\/\/www.railfreight.eu\/dr-ne\/wp-json\/wp\/v2\/posts\/31305\/revisions"}],"predecessor-version":[{"id":31306,"href":"http:\/\/www.railfreight.eu\/dr-ne\/wp-json\/wp\/v2\/posts\/31305\/revisions\/31306"}],"wp:attachment":[{"href":"http:\/\/www.railfreight.eu\/dr-ne\/wp-json\/wp\/v2\/media?parent=31305"}],"wp:term":[{"taxonomy":"category","embeddable":true,"href":"http:\/\/www.railfreight.eu\/dr-ne\/wp-json\/wp\/v2\/categories?post=31305"},{"taxonomy":"post_tag","embeddable":true,"href":"http:\/\/www.railfreight.eu\/dr-ne\/wp-json\/wp\/v2\/tags?post=31305"}],"curies":[{"name":"wp","href":"https:\/\/api.w.org\/{rel}","templated":true}]}}