{"id":31367,"date":"2022-10-25T16:47:38","date_gmt":"2022-10-25T14:47:38","guid":{"rendered":"http:\/\/www.railfreight.eu\/dr-ne\/?p=31367"},"modified":"2022-10-25T21:51:18","modified_gmt":"2022-10-25T19:51:18","slug":"db-cargo-testet-euro-dual-im-kaliverkehr","status":"publish","type":"post","link":"http:\/\/www.railfreight.eu\/dr-ne\/2022-10-25-db-cargo-testet-euro-dual-im-kaliverkehr\/","title":{"rendered":"DB Cargo testet Euro Dual im Kaliverkehr"},"content":{"rendered":"\n<p>DB Cargo unternahm am 13.10.2022 mit der von European Loc Pool (ELP) gemieteten Stadler Euro Dual 159 240 Lastprobefahrten auf der Steigung zwischen Unterbreizbach und Vacha auf der Infrastruktur der RbT Regiobahn Th\u00fcringen. <\/p>\n\n\n\n<figure class=\"wp-block-embed is-type-photo is-provider-flickr wp-block-embed-flickr\"><div class=\"wp-block-embed__wrapper\">\n<a href=\"https:\/\/www.flickr.com\/photos\/142867622@N07\/52435322116\/in\/dateposted\/\"><img loading=\"lazy\" decoding=\"async\" src=\"https:\/\/live.staticflickr.com\/65535\/52435322116_c6e64ef25e.jpg\" alt=\"159 240 Heringen 13.10.2022\" width=\"500\" height=\"329\" \/><\/a>\n<\/div><figcaption>159 240 nach Ankunft in Heringen (Werra) mit vollem Kalizug aus Unterbreizbach. Quelle: https:\/\/www.flickr.com\/photos\/142867622@N07\/52435322116\/<\/figcaption><\/figure>\n\n\n\n<p>Die Zuf\u00fchrung der Euro Dual erfolgte mit einem Leerzug \u00fcber Eisenach \u2013 Bad Salzungen \u2013 Vacha. Im Rahmen der R\u00fcckf\u00fchrung wurde ein beladener Kalizug \u00fcber Heringen (Werra) nach Gerstungen bespannt.<\/p>\n","protected":false},"excerpt":{"rendered":"<p>DB Cargo unternahm am 13.10.2022 mit der von European Loc Pool (ELP) gemieteten Stadler Euro Dual 159 240 Lastprobefahrten auf der Steigung zwischen Unterbreizbach und Vacha auf der Infrastruktur der RbT Regiobahn Th\u00fcringen. Die Zuf\u00fchrung der Euro Dual erfolgte mit einem Leerzug \u00fcber Eisenach \u2013 Bad Salzungen \u2013 Vacha. Im Rahmen der R\u00fcckf\u00fchrung wurde ein &hellip; <\/p>\n<p class=\"link-more\"><a href=\"http:\/\/www.railfreight.eu\/dr-ne\/2022-10-25-db-cargo-testet-euro-dual-im-kaliverkehr\/\" class=\"more-link\"><span class=\"screen-reader-text\">\u201eDB Cargo testet Euro Dual im Kaliverkehr\u201c<\/span> weiterlesen<\/a><\/p>\n","protected":false},"author":1,"featured_media":0,"comment_status":"open","ping_status":"open","sticky":false,"template":"","format":"standard","meta":{"footnotes":""},"categories":[5],"tags":[],"class_list":["post-31367","post","type-post","status-publish","format-standard","hentry","category-triebfahrzeuge"],"_links":{"self":[{"href":"http:\/\/www.railfreight.eu\/dr-ne\/wp-json\/wp\/v2\/posts\/31367","targetHints":{"allow":["GET"]}}],"collection":[{"href":"http:\/\/www.railfreight.eu\/dr-ne\/wp-json\/wp\/v2\/posts"}],"about":[{"href":"http:\/\/www.railfreight.eu\/dr-ne\/wp-json\/wp\/v2\/types\/post"}],"author":[{"embeddable":true,"href":"http:\/\/www.railfreight.eu\/dr-ne\/wp-json\/wp\/v2\/users\/1"}],"replies":[{"embeddable":true,"href":"http:\/\/www.railfreight.eu\/dr-ne\/wp-json\/wp\/v2\/comments?post=31367"}],"version-history":[{"count":8,"href":"http:\/\/www.railfreight.eu\/dr-ne\/wp-json\/wp\/v2\/posts\/31367\/revisions"}],"predecessor-version":[{"id":31405,"href":"http:\/\/www.railfreight.eu\/dr-ne\/wp-json\/wp\/v2\/posts\/31367\/revisions\/31405"}],"wp:attachment":[{"href":"http:\/\/www.railfreight.eu\/dr-ne\/wp-json\/wp\/v2\/media?parent=31367"}],"wp:term":[{"taxonomy":"category","embeddable":true,"href":"http:\/\/www.railfreight.eu\/dr-ne\/wp-json\/wp\/v2\/categories?post=31367"},{"taxonomy":"post_tag","embeddable":true,"href":"http:\/\/www.railfreight.eu\/dr-ne\/wp-json\/wp\/v2\/tags?post=31367"}],"curies":[{"name":"wp","href":"https:\/\/api.w.org\/{rel}","templated":true}]}}