{"id":33820,"date":"2023-01-18T11:16:31","date_gmt":"2023-01-18T10:16:31","guid":{"rendered":"http:\/\/www.railfreight.eu\/dr-ne\/?p=33820"},"modified":"2023-01-18T11:16:32","modified_gmt":"2023-01-18T10:16:32","slug":"ers-bernd-decker-tritt-in-den-ruhestand","status":"publish","type":"post","link":"http:\/\/www.railfreight.eu\/dr-ne\/2023-01-18-ers-bernd-decker-tritt-in-den-ruhestand\/","title":{"rendered":"ERS: Bernd Decker tritt in den Ruhestand"},"content":{"rendered":"\n<p>Bei der heute als Operateur innerhalb der Hupac-Gruppe agierenden ERS Railways GmbH ergab sich zum Jahreswechsel 2022\/2023 eine Ver\u00e4nderung in der Gesch\u00e4ftsf\u00fchrung: Bernd Decker tritt in den Ruhestand, Mathias Leiner ist neuer CEO des Unternehmens. Dieser Schritt wurde lange vorbereitet, sodass bei diesem Wechsel gefestigte Strukturen bestehen. <a href=\"http:\/\/www.railfreight.eu\/dr-ne\/2022\/10\/04\/leiner-zu-ers-railways\/\" data-type=\"post\" data-id=\"30843\">Leiner startete im Oktober 2022 als zweiter Gesch\u00e4ftsf\u00fchrer bei der ERS Railways<\/a>. <\/p>\n\n\n\n<p>Bernd Decker, der die ERS Railways mit aufgebaut und nach Hupac-Einsch\u00e4tzung seit ihrer Gr\u00fcndung ma\u00dfgeblich gepr\u00e4gt hat, wird das Unternehmen in einer \u00dcbergangsphase weiterhin im Vertrieb unterst\u00fctzen.<\/p>\n","protected":false},"excerpt":{"rendered":"<p>Bei der heute als Operateur innerhalb der Hupac-Gruppe agierenden ERS Railways GmbH ergab sich zum Jahreswechsel 2022\/2023 eine Ver\u00e4nderung in der Gesch\u00e4ftsf\u00fchrung: Bernd Decker tritt in den Ruhestand, Mathias Leiner ist neuer CEO des Unternehmens. Dieser Schritt wurde lange vorbereitet, sodass bei diesem Wechsel gefestigte Strukturen bestehen. Leiner startete im Oktober 2022 als zweiter Gesch\u00e4ftsf\u00fchrer &hellip; <\/p>\n<p class=\"link-more\"><a href=\"http:\/\/www.railfreight.eu\/dr-ne\/2023-01-18-ers-bernd-decker-tritt-in-den-ruhestand\/\" class=\"more-link\"><span class=\"screen-reader-text\">\u201eERS: Bernd Decker tritt in den Ruhestand\u201c<\/span> weiterlesen<\/a><\/p>\n","protected":false},"author":1,"featured_media":0,"comment_status":"open","ping_status":"open","sticky":false,"template":"","format":"standard","meta":{"footnotes":""},"categories":[2],"tags":[1761],"class_list":["post-33820","post","type-post","status-publish","format-standard","hentry","category-personalien","tag-ers-railways"],"_links":{"self":[{"href":"http:\/\/www.railfreight.eu\/dr-ne\/wp-json\/wp\/v2\/posts\/33820","targetHints":{"allow":["GET"]}}],"collection":[{"href":"http:\/\/www.railfreight.eu\/dr-ne\/wp-json\/wp\/v2\/posts"}],"about":[{"href":"http:\/\/www.railfreight.eu\/dr-ne\/wp-json\/wp\/v2\/types\/post"}],"author":[{"embeddable":true,"href":"http:\/\/www.railfreight.eu\/dr-ne\/wp-json\/wp\/v2\/users\/1"}],"replies":[{"embeddable":true,"href":"http:\/\/www.railfreight.eu\/dr-ne\/wp-json\/wp\/v2\/comments?post=33820"}],"version-history":[{"count":1,"href":"http:\/\/www.railfreight.eu\/dr-ne\/wp-json\/wp\/v2\/posts\/33820\/revisions"}],"predecessor-version":[{"id":33821,"href":"http:\/\/www.railfreight.eu\/dr-ne\/wp-json\/wp\/v2\/posts\/33820\/revisions\/33821"}],"wp:attachment":[{"href":"http:\/\/www.railfreight.eu\/dr-ne\/wp-json\/wp\/v2\/media?parent=33820"}],"wp:term":[{"taxonomy":"category","embeddable":true,"href":"http:\/\/www.railfreight.eu\/dr-ne\/wp-json\/wp\/v2\/categories?post=33820"},{"taxonomy":"post_tag","embeddable":true,"href":"http:\/\/www.railfreight.eu\/dr-ne\/wp-json\/wp\/v2\/tags?post=33820"}],"curies":[{"name":"wp","href":"https:\/\/api.w.org\/{rel}","templated":true}]}}