{"id":33859,"date":"2023-01-18T20:08:35","date_gmt":"2023-01-18T19:08:35","guid":{"rendered":"http:\/\/www.railfreight.eu\/dr-ne\/?p=33859"},"modified":"2023-01-18T20:08:36","modified_gmt":"2023-01-18T19:08:36","slug":"ltg-cargo-mockaite-neu-im-management","status":"publish","type":"post","link":"http:\/\/www.railfreight.eu\/dr-ne\/2023-01-18-ltg-cargo-mockaite-neu-im-management\/","title":{"rendered":"LTG Cargo: Mockait\u0117  neu im Management"},"content":{"rendered":"\n<p>Au\u0161ra Mockait\u0117 ist dem Managementteam der LTG Cargo beigetreten. Im Januar 2023 \u00fcbernahm sie die Leitung der Dienstleistungsabteilung des Unternehmens. Mockait\u0117 arbeitete zuvor als Leiterin der Verkaufs- und Supportabteilung des Telekommunikationsunternehmens \u201eBit\u0117 Lietuva\u201c, leitete das Unternehmen \u201eBilietai LT\u201c, bekleidete die Position des Handelsleiters f\u00fcr die baltischen L\u00e4nder des Unternehmens \u201eAugma\u201c und des Leiters der Tochtergesellschaft &#8222;Vilniaus Augma&#8220;.<\/p>\n","protected":false},"excerpt":{"rendered":"<p>Au\u0161ra Mockait\u0117 ist dem Managementteam der LTG Cargo beigetreten. Im Januar 2023 \u00fcbernahm sie die Leitung der Dienstleistungsabteilung des Unternehmens. Mockait\u0117 arbeitete zuvor als Leiterin der Verkaufs- und Supportabteilung des Telekommunikationsunternehmens \u201eBit\u0117 Lietuva\u201c, leitete das Unternehmen \u201eBilietai LT\u201c, bekleidete die Position des Handelsleiters f\u00fcr die baltischen L\u00e4nder des Unternehmens \u201eAugma\u201c und des Leiters der Tochtergesellschaft &hellip; <\/p>\n<p class=\"link-more\"><a href=\"http:\/\/www.railfreight.eu\/dr-ne\/2023-01-18-ltg-cargo-mockaite-neu-im-management\/\" class=\"more-link\"><span class=\"screen-reader-text\">\u201eLTG Cargo: Mockait\u0117  neu im Management\u201c<\/span> weiterlesen<\/a><\/p>\n","protected":false},"author":1,"featured_media":0,"comment_status":"open","ping_status":"open","sticky":false,"template":"","format":"standard","meta":{"footnotes":""},"categories":[2],"tags":[1185,1188],"class_list":["post-33859","post","type-post","status-publish","format-standard","hentry","category-personalien","tag-litauen","tag-ltg-cargo"],"_links":{"self":[{"href":"http:\/\/www.railfreight.eu\/dr-ne\/wp-json\/wp\/v2\/posts\/33859","targetHints":{"allow":["GET"]}}],"collection":[{"href":"http:\/\/www.railfreight.eu\/dr-ne\/wp-json\/wp\/v2\/posts"}],"about":[{"href":"http:\/\/www.railfreight.eu\/dr-ne\/wp-json\/wp\/v2\/types\/post"}],"author":[{"embeddable":true,"href":"http:\/\/www.railfreight.eu\/dr-ne\/wp-json\/wp\/v2\/users\/1"}],"replies":[{"embeddable":true,"href":"http:\/\/www.railfreight.eu\/dr-ne\/wp-json\/wp\/v2\/comments?post=33859"}],"version-history":[{"count":1,"href":"http:\/\/www.railfreight.eu\/dr-ne\/wp-json\/wp\/v2\/posts\/33859\/revisions"}],"predecessor-version":[{"id":33860,"href":"http:\/\/www.railfreight.eu\/dr-ne\/wp-json\/wp\/v2\/posts\/33859\/revisions\/33860"}],"wp:attachment":[{"href":"http:\/\/www.railfreight.eu\/dr-ne\/wp-json\/wp\/v2\/media?parent=33859"}],"wp:term":[{"taxonomy":"category","embeddable":true,"href":"http:\/\/www.railfreight.eu\/dr-ne\/wp-json\/wp\/v2\/categories?post=33859"},{"taxonomy":"post_tag","embeddable":true,"href":"http:\/\/www.railfreight.eu\/dr-ne\/wp-json\/wp\/v2\/tags?post=33859"}],"curies":[{"name":"wp","href":"https:\/\/api.w.org\/{rel}","templated":true}]}}