{"id":34426,"date":"2023-02-13T10:44:35","date_gmt":"2023-02-13T09:44:35","guid":{"rendered":"http:\/\/www.railfreight.eu\/dr-ne\/?p=34426"},"modified":"2023-02-17T21:59:08","modified_gmt":"2023-02-17T20:59:08","slug":"gysev-cargo-betreibt-terminal-macs","status":"publish","type":"post","link":"http:\/\/www.railfreight.eu\/dr-ne\/2023-02-13-gysev-cargo-betreibt-terminal-macs\/","title":{"rendered":"GYSEV CARGO betreibt Terminal Macs"},"content":{"rendered":"\n<p>GYSEV CARGO wird Betreiber des neuen Intermodalterminals im Macs Industrial Park in der N\u00e4he von Debrecen. Die ungarische Regierung hat dies j\u00fcngst im Beschluss 1023\/2023 (II. 9.) ver\u00f6ffentlicht. Die Entscheidung fiel nach langer Vorarbeit und mehreren Verhandlungsrunden. W\u00e4hrend der Vorbereitungsphase war GYSEV CARGO bereits an der Planung des endg\u00fcltigen Layouts des Logistikzentrums und des Terminals sowie an der Entwicklung des Betriebskonzepts beteiligt. <\/p>\n\n\n\n<p><iframe src=\"https:\/\/www.google.com\/maps\/embed?pb=!1m18!1m12!1m3!1d1854885.9807011227!2d17.857513035405287!3d47.00683096853423!2m3!1f0!2f0!3f0!3m2!1i1024!2i768!4f13.1!3m3!1m2!1s0x47471414a136c4e7%3A0xd5ed8adeadbe8aeb!2sDebrecen%2C%20Macs%2C%204063%20Ungarn!5e0!3m2!1sde!2sde!4v1676238768897!5m2!1sde!2sde\" style=\"border:0;\" allowfullscreen=\"\" loading=\"lazy\" referrerpolicy=\"no-referrer-when-downgrade\" width=\"600\" height=\"450\"><\/iframe><\/p>\n","protected":false},"excerpt":{"rendered":"<p>GYSEV CARGO wird Betreiber des neuen Intermodalterminals im Macs Industrial Park in der N\u00e4he von Debrecen. Die ungarische Regierung hat dies j\u00fcngst im Beschluss 1023\/2023 (II. 9.) ver\u00f6ffentlicht. Die Entscheidung fiel nach langer Vorarbeit und mehreren Verhandlungsrunden. W\u00e4hrend der Vorbereitungsphase war GYSEV CARGO bereits an der Planung des endg\u00fcltigen Layouts des Logistikzentrums und des Terminals &hellip; <\/p>\n<p class=\"link-more\"><a href=\"http:\/\/www.railfreight.eu\/dr-ne\/2023-02-13-gysev-cargo-betreibt-terminal-macs\/\" class=\"more-link\"><span class=\"screen-reader-text\">\u201eGYSEV CARGO betreibt Terminal Macs\u201c<\/span> weiterlesen<\/a><\/p>\n","protected":false},"author":1,"featured_media":0,"comment_status":"open","ping_status":"open","sticky":false,"template":"","format":"standard","meta":{"footnotes":""},"categories":[193],"tags":[842,47,89],"class_list":["post-34426","post","type-post","status-publish","format-standard","hentry","category-infrastruktur","tag-gysev-cargo","tag-intermodal","tag-ungarn"],"_links":{"self":[{"href":"http:\/\/www.railfreight.eu\/dr-ne\/wp-json\/wp\/v2\/posts\/34426","targetHints":{"allow":["GET"]}}],"collection":[{"href":"http:\/\/www.railfreight.eu\/dr-ne\/wp-json\/wp\/v2\/posts"}],"about":[{"href":"http:\/\/www.railfreight.eu\/dr-ne\/wp-json\/wp\/v2\/types\/post"}],"author":[{"embeddable":true,"href":"http:\/\/www.railfreight.eu\/dr-ne\/wp-json\/wp\/v2\/users\/1"}],"replies":[{"embeddable":true,"href":"http:\/\/www.railfreight.eu\/dr-ne\/wp-json\/wp\/v2\/comments?post=34426"}],"version-history":[{"count":1,"href":"http:\/\/www.railfreight.eu\/dr-ne\/wp-json\/wp\/v2\/posts\/34426\/revisions"}],"predecessor-version":[{"id":34427,"href":"http:\/\/www.railfreight.eu\/dr-ne\/wp-json\/wp\/v2\/posts\/34426\/revisions\/34427"}],"wp:attachment":[{"href":"http:\/\/www.railfreight.eu\/dr-ne\/wp-json\/wp\/v2\/media?parent=34426"}],"wp:term":[{"taxonomy":"category","embeddable":true,"href":"http:\/\/www.railfreight.eu\/dr-ne\/wp-json\/wp\/v2\/categories?post=34426"},{"taxonomy":"post_tag","embeddable":true,"href":"http:\/\/www.railfreight.eu\/dr-ne\/wp-json\/wp\/v2\/tags?post=34426"}],"curies":[{"name":"wp","href":"https:\/\/api.w.org\/{rel}","templated":true}]}}