{"id":35175,"date":"2023-03-14T18:12:00","date_gmt":"2023-03-14T17:12:00","guid":{"rendered":"http:\/\/www.railfreight.eu\/dr-ne\/?p=35175"},"modified":"2023-03-14T21:36:25","modified_gmt":"2023-03-14T20:36:25","slug":"bane-nor-ceo-frimannslund-gegangen","status":"publish","type":"post","link":"http:\/\/www.railfreight.eu\/dr-ne\/2023-03-14-bane-nor-ceo-frimannslund-gegangen\/","title":{"rendered":"Bane NOR: CEO Frimannslund gegangen"},"content":{"rendered":"\n<p>Gorm Frimannslund ist als seit September 2016 amtierender CEO des norwegischen Infrastrukturbetreibers Bane NOR zur\u00fcckgetreten, steht dem Unternehmen aber noch beratend bis Januar 2024 zur Verf\u00fcgung. Gr\u00fcnde wurden nicht genannt, es wird aber vermutet dass zunehmende Probleme bei der Instandhaltung sowie der Betriebsqualit\u00e4t ausschlaggebend waren. Frimannslund stand schon l\u00e4nger in der Kritik. <\/p>\n\n\n\n<p>Ad interim \u00fcbernimmt Henning Br\u00e5teb\u00e6k, der seit vier Jahren CEO des per 13.03.2023 in Bane NOR integrierten Instandhaltungsunternehmens Spordrift AS war. Zuvor arbeitete er 15 Jahre lang bei der Staatsbahn NSB sowie beim Bane NOR-Vorg\u00e4nger Jernbaneverket. Es folgten elf Jahre im Management des staatlichen Flughafenbetreibers Avinor.<\/p>\n","protected":false},"excerpt":{"rendered":"<p>Gorm Frimannslund ist als seit September 2016 amtierender CEO des norwegischen Infrastrukturbetreibers Bane NOR zur\u00fcckgetreten, steht dem Unternehmen aber noch beratend bis Januar 2024 zur Verf\u00fcgung. Gr\u00fcnde wurden nicht genannt, es wird aber vermutet dass zunehmende Probleme bei der Instandhaltung sowie der Betriebsqualit\u00e4t ausschlaggebend waren. Frimannslund stand schon l\u00e4nger in der Kritik. Ad interim \u00fcbernimmt &hellip; <\/p>\n<p class=\"link-more\"><a href=\"http:\/\/www.railfreight.eu\/dr-ne\/2023-03-14-bane-nor-ceo-frimannslund-gegangen\/\" class=\"more-link\"><span class=\"screen-reader-text\">\u201eBane NOR: CEO Frimannslund gegangen\u201c<\/span> weiterlesen<\/a><\/p>\n","protected":false},"author":1,"featured_media":0,"comment_status":"open","ping_status":"open","sticky":false,"template":"","format":"standard","meta":{"footnotes":""},"categories":[2],"tags":[1096,576],"class_list":["post-35175","post","type-post","status-publish","format-standard","hentry","category-personalien","tag-bane-nor","tag-norwegen"],"_links":{"self":[{"href":"http:\/\/www.railfreight.eu\/dr-ne\/wp-json\/wp\/v2\/posts\/35175","targetHints":{"allow":["GET"]}}],"collection":[{"href":"http:\/\/www.railfreight.eu\/dr-ne\/wp-json\/wp\/v2\/posts"}],"about":[{"href":"http:\/\/www.railfreight.eu\/dr-ne\/wp-json\/wp\/v2\/types\/post"}],"author":[{"embeddable":true,"href":"http:\/\/www.railfreight.eu\/dr-ne\/wp-json\/wp\/v2\/users\/1"}],"replies":[{"embeddable":true,"href":"http:\/\/www.railfreight.eu\/dr-ne\/wp-json\/wp\/v2\/comments?post=35175"}],"version-history":[{"count":3,"href":"http:\/\/www.railfreight.eu\/dr-ne\/wp-json\/wp\/v2\/posts\/35175\/revisions"}],"predecessor-version":[{"id":35188,"href":"http:\/\/www.railfreight.eu\/dr-ne\/wp-json\/wp\/v2\/posts\/35175\/revisions\/35188"}],"wp:attachment":[{"href":"http:\/\/www.railfreight.eu\/dr-ne\/wp-json\/wp\/v2\/media?parent=35175"}],"wp:term":[{"taxonomy":"category","embeddable":true,"href":"http:\/\/www.railfreight.eu\/dr-ne\/wp-json\/wp\/v2\/categories?post=35175"},{"taxonomy":"post_tag","embeddable":true,"href":"http:\/\/www.railfreight.eu\/dr-ne\/wp-json\/wp\/v2\/tags?post=35175"}],"curies":[{"name":"wp","href":"https:\/\/api.w.org\/{rel}","templated":true}]}}