{"id":35235,"date":"2023-02-06T21:58:00","date_gmt":"2023-02-06T20:58:00","guid":{"rendered":"http:\/\/www.railfreight.eu\/dr-ne\/?p=35235"},"modified":"2023-03-15T22:03:08","modified_gmt":"2023-03-15T21:03:08","slug":"edg-juchem-neu-geschaeftsfuehrerin","status":"publish","type":"post","link":"http:\/\/www.railfreight.eu\/dr-ne\/2023-02-06-edg-juchem-neu-geschaeftsfuehrerin\/","title":{"rendered":"EDG: Juchem neu Gesch\u00e4ftsf\u00fchrerin"},"content":{"rendered":"\n<p>Seit Februar 2023 ist Sabine Juchem weitere Gesch\u00e4ftsf\u00fchrerin der Eisenbahndienstleister GmbH (EDG) neben Unternehmensgr\u00fcnder Stephan Rauscher. Juchem ist seit Juli 2021 im Unternehmen und war<a href=\"http:\/\/www.railfreight.eu\/dr-ne\/2022\/11\/28\/edg-juchem-stellvertretende-geschaeftsfuehrerin\/\" data-type=\"post\" data-id=\"35237\" target=\"_blank\" rel=\"noreferrer noopener\"> bislang stellvertretende Gesch\u00e4ftsf\u00fchrerin und Betriebsleiterin<\/a>.<\/p>\n","protected":false},"excerpt":{"rendered":"<p>Seit Februar 2023 ist Sabine Juchem weitere Gesch\u00e4ftsf\u00fchrerin der Eisenbahndienstleister GmbH (EDG) neben Unternehmensgr\u00fcnder Stephan Rauscher. Juchem ist seit Juli 2021 im Unternehmen und war bislang stellvertretende Gesch\u00e4ftsf\u00fchrerin und Betriebsleiterin.<\/p>\n","protected":false},"author":1,"featured_media":0,"comment_status":"open","ping_status":"open","sticky":false,"template":"","format":"standard","meta":{"footnotes":""},"categories":[2],"tags":[],"class_list":["post-35235","post","type-post","status-publish","format-standard","hentry","category-personalien"],"_links":{"self":[{"href":"http:\/\/www.railfreight.eu\/dr-ne\/wp-json\/wp\/v2\/posts\/35235","targetHints":{"allow":["GET"]}}],"collection":[{"href":"http:\/\/www.railfreight.eu\/dr-ne\/wp-json\/wp\/v2\/posts"}],"about":[{"href":"http:\/\/www.railfreight.eu\/dr-ne\/wp-json\/wp\/v2\/types\/post"}],"author":[{"embeddable":true,"href":"http:\/\/www.railfreight.eu\/dr-ne\/wp-json\/wp\/v2\/users\/1"}],"replies":[{"embeddable":true,"href":"http:\/\/www.railfreight.eu\/dr-ne\/wp-json\/wp\/v2\/comments?post=35235"}],"version-history":[{"count":2,"href":"http:\/\/www.railfreight.eu\/dr-ne\/wp-json\/wp\/v2\/posts\/35235\/revisions"}],"predecessor-version":[{"id":35239,"href":"http:\/\/www.railfreight.eu\/dr-ne\/wp-json\/wp\/v2\/posts\/35235\/revisions\/35239"}],"wp:attachment":[{"href":"http:\/\/www.railfreight.eu\/dr-ne\/wp-json\/wp\/v2\/media?parent=35235"}],"wp:term":[{"taxonomy":"category","embeddable":true,"href":"http:\/\/www.railfreight.eu\/dr-ne\/wp-json\/wp\/v2\/categories?post=35235"},{"taxonomy":"post_tag","embeddable":true,"href":"http:\/\/www.railfreight.eu\/dr-ne\/wp-json\/wp\/v2\/tags?post=35235"}],"curies":[{"name":"wp","href":"https:\/\/api.w.org\/{rel}","templated":true}]}}