{"id":35237,"date":"2022-11-28T22:00:00","date_gmt":"2022-11-28T21:00:00","guid":{"rendered":"http:\/\/www.railfreight.eu\/dr-ne\/?p=35237"},"modified":"2023-03-15T22:04:30","modified_gmt":"2023-03-15T21:04:30","slug":"edg-juchem-stellvertretende-geschaeftsfuehrerin","status":"publish","type":"post","link":"http:\/\/www.railfreight.eu\/dr-ne\/2022-11-28-edg-juchem-stellvertretende-geschaeftsfuehrerin\/","title":{"rendered":"EDG: Juchem stellvertretende Gesch\u00e4ftsf\u00fchrerin"},"content":{"rendered":"\n<p>Seit November 2022 ist Sabine Juchem stellvertretende Gesch\u00e4ftsf\u00fchrerin der Eisenbahndienstleister GmbH (EDG) neben Unternehmensgr\u00fcnder Stephan Rauscher. Juchem ist <a href=\"http:\/\/www.railfreight.eu\/dr-ne\/2021\/07\/19\/juchem-von-crossrail-zu-edg\/\" data-type=\"post\" data-id=\"35241\">seit Juli 2021 im Unternehmen<\/a> und ist dort (unver\u00e4ndert) Betriebsleiterin.<\/p>\n","protected":false},"excerpt":{"rendered":"<p>Seit November 2022 ist Sabine Juchem stellvertretende Gesch\u00e4ftsf\u00fchrerin der Eisenbahndienstleister GmbH (EDG) neben Unternehmensgr\u00fcnder Stephan Rauscher. Juchem ist seit Juli 2021 im Unternehmen und ist dort (unver\u00e4ndert) Betriebsleiterin.<\/p>\n","protected":false},"author":1,"featured_media":0,"comment_status":"open","ping_status":"open","sticky":false,"template":"","format":"standard","meta":{"footnotes":""},"categories":[2],"tags":[297,116],"class_list":["post-35237","post","type-post","status-publish","format-standard","hentry","category-personalien","tag-edg","tag-schweiz"],"_links":{"self":[{"href":"http:\/\/www.railfreight.eu\/dr-ne\/wp-json\/wp\/v2\/posts\/35237","targetHints":{"allow":["GET"]}}],"collection":[{"href":"http:\/\/www.railfreight.eu\/dr-ne\/wp-json\/wp\/v2\/posts"}],"about":[{"href":"http:\/\/www.railfreight.eu\/dr-ne\/wp-json\/wp\/v2\/types\/post"}],"author":[{"embeddable":true,"href":"http:\/\/www.railfreight.eu\/dr-ne\/wp-json\/wp\/v2\/users\/1"}],"replies":[{"embeddable":true,"href":"http:\/\/www.railfreight.eu\/dr-ne\/wp-json\/wp\/v2\/comments?post=35237"}],"version-history":[{"count":3,"href":"http:\/\/www.railfreight.eu\/dr-ne\/wp-json\/wp\/v2\/posts\/35237\/revisions"}],"predecessor-version":[{"id":35243,"href":"http:\/\/www.railfreight.eu\/dr-ne\/wp-json\/wp\/v2\/posts\/35237\/revisions\/35243"}],"wp:attachment":[{"href":"http:\/\/www.railfreight.eu\/dr-ne\/wp-json\/wp\/v2\/media?parent=35237"}],"wp:term":[{"taxonomy":"category","embeddable":true,"href":"http:\/\/www.railfreight.eu\/dr-ne\/wp-json\/wp\/v2\/categories?post=35237"},{"taxonomy":"post_tag","embeddable":true,"href":"http:\/\/www.railfreight.eu\/dr-ne\/wp-json\/wp\/v2\/tags?post=35237"}],"curies":[{"name":"wp","href":"https:\/\/api.w.org\/{rel}","templated":true}]}}