{"id":35530,"date":"2023-03-27T13:14:38","date_gmt":"2023-03-27T11:14:38","guid":{"rendered":"http:\/\/www.railfreight.eu\/dr-ne\/?p=35530"},"modified":"2023-03-27T13:15:56","modified_gmt":"2023-03-27T11:15:56","slug":"cd-cargo-metrans-werbelok","status":"publish","type":"post","link":"http:\/\/www.railfreight.eu\/dr-ne\/2023-03-27-cd-cargo-metrans-werbelok\/","title":{"rendered":"\u010cD Cargo &#038; METRANS: Werbelok"},"content":{"rendered":"\n<p>Die TRAXX-E-Lok 388 015 der \u010cD Cargo wurde am 17.03.2023 im Bahnhof D\u011b\u010d\u00edn offiziell &#8222;getauft&#8220;. Mit der Werbebeklebung feiern die G\u00fcterbahn und der Intermodaloperateur METRANS die langj\u00e4hrige Zusammenarbeit in der tschechischen Republik. Gleichzeitig erfolgte der Startschuss des <a href=\"http:\/\/www.railfreight.eu\/dr-ne\/2023\/03\/27\/cd-cargo-statt-metrans-eigentraktion\/\" data-type=\"post\" data-id=\"35532\">grenz\u00fcberschreitenden Einsatz von Loks der \u010cD Cargo vor Z\u00fcgen des Intermodaloperateurs<\/a>.<\/p>\n\n\n\n<figure class=\"wp-block-image size-large\"><img loading=\"lazy\" decoding=\"async\" width=\"1024\" height=\"678\" src=\"http:\/\/www.railfreight.eu\/dr-ne\/wp-content\/uploads\/2023\/03\/Metrans_2-1024x678.jpg\" alt=\"\" class=\"wp-image-35534\" srcset=\"http:\/\/www.railfreight.eu\/dr-ne\/wp-content\/uploads\/2023\/03\/Metrans_2-1024x678.jpg 1024w, http:\/\/www.railfreight.eu\/dr-ne\/wp-content\/uploads\/2023\/03\/Metrans_2-300x199.jpg 300w, http:\/\/www.railfreight.eu\/dr-ne\/wp-content\/uploads\/2023\/03\/Metrans_2-768x509.jpg 768w, http:\/\/www.railfreight.eu\/dr-ne\/wp-content\/uploads\/2023\/03\/Metrans_2-1536x1017.jpg 1536w, http:\/\/www.railfreight.eu\/dr-ne\/wp-content\/uploads\/2023\/03\/Metrans_2-2048x1356.jpg 2048w, http:\/\/www.railfreight.eu\/dr-ne\/wp-content\/uploads\/2023\/03\/Metrans_2-1320x874.jpg 1320w\" sizes=\"auto, (max-width: 767px) 89vw, (max-width: 1000px) 54vw, (max-width: 1071px) 543px, 580px\" \/><figcaption>Tom\u00e1\u0161 T\u00f3th (Vorstandsvorsitzender \u010cD Cargo) und Martin Ho\u0159\u00ednek (Vorstandsmitglied der METRANS) nahmen an der Taufe teil. Foto: \u010cD Cargo<\/figcaption><\/figure>\n","protected":false},"excerpt":{"rendered":"<p>Die TRAXX-E-Lok 388 015 der \u010cD Cargo wurde am 17.03.2023 im Bahnhof D\u011b\u010d\u00edn offiziell &#8222;getauft&#8220;. Mit der Werbebeklebung feiern die G\u00fcterbahn und der Intermodaloperateur METRANS die langj\u00e4hrige Zusammenarbeit in der tschechischen Republik. Gleichzeitig erfolgte der Startschuss des grenz\u00fcberschreitenden Einsatz von Loks der \u010cD Cargo vor Z\u00fcgen des Intermodaloperateurs.<\/p>\n","protected":false},"author":1,"featured_media":0,"comment_status":"open","ping_status":"open","sticky":false,"template":"","format":"standard","meta":{"footnotes":""},"categories":[5],"tags":[448,326,340],"class_list":["post-35530","post","type-post","status-publish","format-standard","hentry","category-triebfahrzeuge","tag-beklebung","tag-cd-cargo","tag-metrans"],"_links":{"self":[{"href":"http:\/\/www.railfreight.eu\/dr-ne\/wp-json\/wp\/v2\/posts\/35530","targetHints":{"allow":["GET"]}}],"collection":[{"href":"http:\/\/www.railfreight.eu\/dr-ne\/wp-json\/wp\/v2\/posts"}],"about":[{"href":"http:\/\/www.railfreight.eu\/dr-ne\/wp-json\/wp\/v2\/types\/post"}],"author":[{"embeddable":true,"href":"http:\/\/www.railfreight.eu\/dr-ne\/wp-json\/wp\/v2\/users\/1"}],"replies":[{"embeddable":true,"href":"http:\/\/www.railfreight.eu\/dr-ne\/wp-json\/wp\/v2\/comments?post=35530"}],"version-history":[{"count":4,"href":"http:\/\/www.railfreight.eu\/dr-ne\/wp-json\/wp\/v2\/posts\/35530\/revisions"}],"predecessor-version":[{"id":35568,"href":"http:\/\/www.railfreight.eu\/dr-ne\/wp-json\/wp\/v2\/posts\/35530\/revisions\/35568"}],"wp:attachment":[{"href":"http:\/\/www.railfreight.eu\/dr-ne\/wp-json\/wp\/v2\/media?parent=35530"}],"wp:term":[{"taxonomy":"category","embeddable":true,"href":"http:\/\/www.railfreight.eu\/dr-ne\/wp-json\/wp\/v2\/categories?post=35530"},{"taxonomy":"post_tag","embeddable":true,"href":"http:\/\/www.railfreight.eu\/dr-ne\/wp-json\/wp\/v2\/tags?post=35530"}],"curies":[{"name":"wp","href":"https:\/\/api.w.org\/{rel}","templated":true}]}}