{"id":35613,"date":"2023-03-28T12:47:28","date_gmt":"2023-03-28T10:47:28","guid":{"rendered":"http:\/\/www.railfreight.eu\/dr-ne\/?p=35613"},"modified":"2023-05-15T11:09:37","modified_gmt":"2023-05-15T09:09:37","slug":"tx-intermodale-dreiecksverkehre-gestartet","status":"publish","type":"post","link":"http:\/\/www.railfreight.eu\/dr-ne\/2023-03-28-tx-intermodale-dreiecksverkehre-gestartet\/","title":{"rendered":"TX: Intermodale Dreiecksverkehre gestartet"},"content":{"rendered":"\n<p>TX Logistik hat einen intermodalen Dreiecksverkehr aufgesetzt, der Rum\u00e4nien, \u00d6sterreich, Italien und Deutschland mit einem Zug pro Woche verbindet. Konzipiert wurde er die beiden rum\u00e4nischen Speditionsunternehmen Filip Spedition bzw. Routier European Transport und den italienischen Logistiker Arcese. Die Nutzer umgehen mit dem Dreiecksverkehr Unpaarigkeiten in den G\u00fcterstr\u00f6men.<\/p>\n\n\n\n<p>Der rund 4.000 km lange Laufweg: Curtici (Railport Arad) &#8211; Hall in Tirol (TSSU) &#8211; Verona (IQE) &#8211; Hall in Tirol (TSSU) &#8211; Duisburg (Hohenbudberg) &#8211; Curtici (Railport Arad). Die Traktion \u00fcbernimmt TX Logistik, in Ungarn und Rum\u00e4nien verkehrt der Zug auf Lizenz von GYSEV Cargo mit durchgehendem Einsatz der Loks von TX.<\/p>\n\n\n\n<p>Die erste Abfahrt in Curtici erfolgte am 11.03.2023. Die Kapazit\u00e4t soll ab 18. April auf zwei w\u00f6chentliche Rundl\u00e4ufe verdichtet werden. Entgegen der Presseausasendung der TX Logistik handelt es sich dabei nicht um die generell erste Intermodalrelation zwischen Rum\u00e4nien und Italien.<\/p>\n\n\n\n<figure class=\"wp-block-image size-large\"><img loading=\"lazy\" decoding=\"async\" width=\"1024\" height=\"1024\" src=\"http:\/\/www.railfreight.eu\/dr-ne\/wp-content\/uploads\/2023\/03\/1680010377062-1024x1024.jpg\" alt=\"\" class=\"wp-image-35665\" srcset=\"http:\/\/www.railfreight.eu\/dr-ne\/wp-content\/uploads\/2023\/03\/1680010377062-1024x1024.jpg 1024w, http:\/\/www.railfreight.eu\/dr-ne\/wp-content\/uploads\/2023\/03\/1680010377062-300x300.jpg 300w, http:\/\/www.railfreight.eu\/dr-ne\/wp-content\/uploads\/2023\/03\/1680010377062-150x150.jpg 150w, http:\/\/www.railfreight.eu\/dr-ne\/wp-content\/uploads\/2023\/03\/1680010377062-768x768.jpg 768w, http:\/\/www.railfreight.eu\/dr-ne\/wp-content\/uploads\/2023\/03\/1680010377062-100x100.jpg 100w, http:\/\/www.railfreight.eu\/dr-ne\/wp-content\/uploads\/2023\/03\/1680010377062.jpg 1080w\" sizes=\"auto, (max-width: 767px) 89vw, (max-width: 1000px) 54vw, (max-width: 1071px) 543px, 580px\" \/><figcaption>Grafik: TX Logistik<\/figcaption><\/figure>\n","protected":false},"excerpt":{"rendered":"<p>TX Logistik hat einen intermodalen Dreiecksverkehr aufgesetzt, der Rum\u00e4nien, \u00d6sterreich, Italien und Deutschland mit einem Zug pro Woche verbindet. Konzipiert wurde er die beiden rum\u00e4nischen Speditionsunternehmen Filip Spedition bzw. Routier European Transport und den italienischen Logistiker Arcese. Die Nutzer umgehen mit dem Dreiecksverkehr Unpaarigkeiten in den G\u00fcterstr\u00f6men. Der rund 4.000 km lange Laufweg: Curtici (Railport &hellip; <\/p>\n<p class=\"link-more\"><a href=\"http:\/\/www.railfreight.eu\/dr-ne\/2023-03-28-tx-intermodale-dreiecksverkehre-gestartet\/\" class=\"more-link\"><span class=\"screen-reader-text\">\u201eTX: Intermodale Dreiecksverkehre gestartet\u201c<\/span> weiterlesen<\/a><\/p>\n","protected":false},"author":1,"featured_media":0,"comment_status":"open","ping_status":"open","sticky":false,"template":"","format":"standard","meta":{"footnotes":""},"categories":[32],"tags":[2525,842,47,136,88,212,72,89],"class_list":["post-35613","post","type-post","status-publish","format-standard","hentry","category-verkehr","tag-deutschland","tag-gysev-cargo","tag-intermodal","tag-italien","tag-oesterreich","tag-rumaenien","tag-tx-logistik","tag-ungarn"],"_links":{"self":[{"href":"http:\/\/www.railfreight.eu\/dr-ne\/wp-json\/wp\/v2\/posts\/35613","targetHints":{"allow":["GET"]}}],"collection":[{"href":"http:\/\/www.railfreight.eu\/dr-ne\/wp-json\/wp\/v2\/posts"}],"about":[{"href":"http:\/\/www.railfreight.eu\/dr-ne\/wp-json\/wp\/v2\/types\/post"}],"author":[{"embeddable":true,"href":"http:\/\/www.railfreight.eu\/dr-ne\/wp-json\/wp\/v2\/users\/1"}],"replies":[{"embeddable":true,"href":"http:\/\/www.railfreight.eu\/dr-ne\/wp-json\/wp\/v2\/comments?post=35613"}],"version-history":[{"count":10,"href":"http:\/\/www.railfreight.eu\/dr-ne\/wp-json\/wp\/v2\/posts\/35613\/revisions"}],"predecessor-version":[{"id":35751,"href":"http:\/\/www.railfreight.eu\/dr-ne\/wp-json\/wp\/v2\/posts\/35613\/revisions\/35751"}],"wp:attachment":[{"href":"http:\/\/www.railfreight.eu\/dr-ne\/wp-json\/wp\/v2\/media?parent=35613"}],"wp:term":[{"taxonomy":"category","embeddable":true,"href":"http:\/\/www.railfreight.eu\/dr-ne\/wp-json\/wp\/v2\/categories?post=35613"},{"taxonomy":"post_tag","embeddable":true,"href":"http:\/\/www.railfreight.eu\/dr-ne\/wp-json\/wp\/v2\/tags?post=35613"}],"curies":[{"name":"wp","href":"https:\/\/api.w.org\/{rel}","templated":true}]}}