{"id":36899,"date":"2023-05-11T22:29:00","date_gmt":"2023-05-11T20:29:00","guid":{"rendered":"http:\/\/www.railfreight.eu\/dr-ne\/?p=36899"},"modified":"2023-05-12T09:34:38","modified_gmt":"2023-05-12T07:34:38","slug":"mehr-northrail-loks-fuer-rbp","status":"publish","type":"post","link":"http:\/\/www.railfreight.eu\/dr-ne\/2023-05-11-mehr-northrail-loks-fuer-rbp\/","title":{"rendered":"Mehr Northrail-Loks f\u00fcr RBP"},"content":{"rendered":"\n<p>Die Rheinische Bahnpersonal- und Verkehrsgesellschaft (RBP) hat am 11.05.2023 Mietvertr\u00e4ge \u00fcber zwei Siemens Smartron mit Northrail gezeichnet. Die \u00dcbergabe der Loks erfolgen im vierten Quartal 2023 und im ersten Quartal 2024. <a href=\"http:\/\/www.railfreight.eu\/dr-ne\/2022\/08\/01\/northrail-vectron-dual-mode-fuer-rbp\/\" data-type=\"post\" data-id=\"29512\">Ein weiterer Mietvertrag mit RBP \u00fcber einen Vectron Dual Mode beginnt bereits im Mai 2023<\/a>. Die Neuzug\u00e4nge verst\u00e4rken den bisherigen Lokpool mit zwei TRAXX F140 MS von Railpool.<\/p>\n\n\n\n<figure class=\"wp-block-image size-full\"><img loading=\"lazy\" decoding=\"async\" width=\"1000\" height=\"584\" src=\"http:\/\/www.railfreight.eu\/dr-ne\/wp-content\/uploads\/2023\/05\/northrail-rbp.jpg\" alt=\"\" class=\"wp-image-36901\" srcset=\"http:\/\/www.railfreight.eu\/dr-ne\/wp-content\/uploads\/2023\/05\/northrail-rbp.jpg 1000w, http:\/\/www.railfreight.eu\/dr-ne\/wp-content\/uploads\/2023\/05\/northrail-rbp-300x175.jpg 300w, http:\/\/www.railfreight.eu\/dr-ne\/wp-content\/uploads\/2023\/05\/northrail-rbp-768x449.jpg 768w\" sizes=\"auto, (max-width: 767px) 89vw, (max-width: 1000px) 54vw, (max-width: 1071px) 543px, 580px\" \/><figcaption>Von links: Sascha Buckow (RBP), Thomas Sch\u00f6n (Gesch\u00e4ftsf\u00fchrer RBP), Danny M\u00fcller-Dr\u00f6ge (Vertriebsleiter Northrail). Foto: Northrail-Gruppe<\/figcaption><\/figure>\n","protected":false},"excerpt":{"rendered":"<p>Die Rheinische Bahnpersonal- und Verkehrsgesellschaft (RBP) hat am 11.05.2023 Mietvertr\u00e4ge \u00fcber zwei Siemens Smartron mit Northrail gezeichnet. Die \u00dcbergabe der Loks erfolgen im vierten Quartal 2023 und im ersten Quartal 2024. Ein weiterer Mietvertrag mit RBP \u00fcber einen Vectron Dual Mode beginnt bereits im Mai 2023. Die Neuzug\u00e4nge verst\u00e4rken den bisherigen Lokpool mit zwei TRAXX &hellip; <\/p>\n<p class=\"link-more\"><a href=\"http:\/\/www.railfreight.eu\/dr-ne\/2023-05-11-mehr-northrail-loks-fuer-rbp\/\" class=\"more-link\"><span class=\"screen-reader-text\">\u201eMehr Northrail-Loks f\u00fcr RBP\u201c<\/span> weiterlesen<\/a><\/p>\n","protected":false},"author":1,"featured_media":0,"comment_status":"open","ping_status":"open","sticky":false,"template":"","format":"standard","meta":{"footnotes":""},"categories":[5],"tags":[2525,147,1313,58],"class_list":["post-36899","post","type-post","status-publish","format-standard","hentry","category-triebfahrzeuge","tag-deutschland","tag-northrail","tag-rbp","tag-smartron"],"_links":{"self":[{"href":"http:\/\/www.railfreight.eu\/dr-ne\/wp-json\/wp\/v2\/posts\/36899","targetHints":{"allow":["GET"]}}],"collection":[{"href":"http:\/\/www.railfreight.eu\/dr-ne\/wp-json\/wp\/v2\/posts"}],"about":[{"href":"http:\/\/www.railfreight.eu\/dr-ne\/wp-json\/wp\/v2\/types\/post"}],"author":[{"embeddable":true,"href":"http:\/\/www.railfreight.eu\/dr-ne\/wp-json\/wp\/v2\/users\/1"}],"replies":[{"embeddable":true,"href":"http:\/\/www.railfreight.eu\/dr-ne\/wp-json\/wp\/v2\/comments?post=36899"}],"version-history":[{"count":3,"href":"http:\/\/www.railfreight.eu\/dr-ne\/wp-json\/wp\/v2\/posts\/36899\/revisions"}],"predecessor-version":[{"id":36908,"href":"http:\/\/www.railfreight.eu\/dr-ne\/wp-json\/wp\/v2\/posts\/36899\/revisions\/36908"}],"wp:attachment":[{"href":"http:\/\/www.railfreight.eu\/dr-ne\/wp-json\/wp\/v2\/media?parent=36899"}],"wp:term":[{"taxonomy":"category","embeddable":true,"href":"http:\/\/www.railfreight.eu\/dr-ne\/wp-json\/wp\/v2\/categories?post=36899"},{"taxonomy":"post_tag","embeddable":true,"href":"http:\/\/www.railfreight.eu\/dr-ne\/wp-json\/wp\/v2\/tags?post=36899"}],"curies":[{"name":"wp","href":"https:\/\/api.w.org\/{rel}","templated":true}]}}